{"id":967,"date":"2018-03-09T12:16:21","date_gmt":"2018-03-09T12:16:21","guid":{"rendered":"http:\/\/www.boto.cz\/?p=967"},"modified":"2018-03-09T12:35:33","modified_gmt":"2018-03-09T12:35:33","slug":"workshop-krajinarske-astrofotografie-2-4-listopadu-2018","status":"publish","type":"post","link":"http:\/\/www.boto.cz\/?p=967","title":{"rendered":"Workshopy krajin\u00e1\u0159sk\u00e9 astrofotografie v Beskydech"},"content":{"rendered":"<p>Letos se v Beskydech budou konat workshopy v\u011bnovan\u00fd krajin\u00e1\u0159sk\u00e9 astrofotografii, kter\u00fd povede zn\u00e1m\u00fd a nejednou ocen\u011bn\u00fd \u010desk\u00fd astrofotograf Petr Hor\u00e1lek. Term\u00edny kon\u00e1n\u00ed jsou hned t\u0159\u00ed:<br \/>\n5.-7. \u0159\u00edjna v Beskydech:\u00a0<a href=\"https:\/\/l.facebook.com\/l.php?u=http%3A%2F%2Fbit.ly%2F2GaC5J4&amp;h=ATNjcbH4coJuw9pwbhqo-Q8TStbJWfrFlksFfzpHPaRU2GFPFTOt1dcINK7XG-OUyixKSIVRusfaLc1NosMTDvTphHqC4GISTumGa-hj0d3rAtkSpDZAk2xfrxZuljEj\" target=\"_blank\" rel=\"noopener\">http:\/\/bit.ly\/2GaC5J4<\/a><br \/>\n12.-14. \u0159\u00edjna v Beskydech:\u00a0<a href=\"http:\/\/bit.ly\/2HgYbZF\" target=\"_blank\" rel=\"noopener\">http:\/\/bit.ly\/2HgYbZF<\/a><br \/>\n2.-4. listopadu v Beskydech:\u00a0<a href=\"http:\/\/bit.ly\/2Hm1RJH\" target=\"_blank\" rel=\"noopener\">http:\/\/bit.ly\/2Hm1RJH<\/a><\/p>\n<p>N\u00ed\u017ee p\u0159ikl\u00e1d\u00e1me informace k chystan\u00e9mu workshopu.<\/p>\n<p><a href=\"http:\/\/www.boto.cz\/wp-content\/uploads\/2018\/03\/28576911_10213294936065360_927762655969192924_n.jpg\"><img loading=\"lazy\" class=\"aligncenter size-medium wp-image-968\" alt=\"28576911_10213294936065360_927762655969192924_n\" src=\"http:\/\/www.boto.cz\/wp-content\/uploads\/2018\/03\/28576911_10213294936065360_927762655969192924_n-282x300.jpg\" width=\"282\" height=\"300\" srcset=\"http:\/\/www.boto.cz\/wp-content\/uploads\/2018\/03\/28576911_10213294936065360_927762655969192924_n-282x300.jpg 282w, http:\/\/www.boto.cz\/wp-content\/uploads\/2018\/03\/28576911_10213294936065360_927762655969192924_n-254x270.jpg 254w, http:\/\/www.boto.cz\/wp-content\/uploads\/2018\/03\/28576911_10213294936065360_927762655969192924_n.jpg 905w\" sizes=\"(max-width: 282px) 100vw, 282px\" \/><\/a><\/p>\n<p>Maxim\u00e1ln\u00ed kapacita je 10 m\u00edst, celkov\u00e1 cena 4500 CZK. V\u00e1\u017en\u00ed z\u00e1jemci mus\u00ed do 31. b\u0159ezna 2018 zaplatit z\u00e1lohu 400 korun na \u010d\u00edslo \u00fa\u010dtu 2901393269\/2010 (do pozn\u00e1mky uve\u010fte Workshop Beskydy 3). Z\u00e1loha je vratn\u00e1 v p\u0159\u00edpad\u011b neuskute\u010dn\u011bn\u00ed workshopu v dan\u00e9m term\u00ednu, jinak slou\u017e\u00ed k zaplacen\u00ed z\u00e1lohy ubytov\u00e1n\u00ed v horsk\u00e9m hotelu \u0160varn\u00e1 Hanka. Dal\u0161\u00ed informace poskytnu rovn\u011b\u017e emailem na horalek.peter@gmail.com.<\/p>\n<p>Orienta\u010dn\u00ed program:<\/p>\n<p>P\u00e1tek:<br \/>\n17:00: P\u0159ibli\u017en\u00fd p\u0159\u00edjezd \u00fa\u010dastn\u00edk\u016f, ubytov\u00e1n\u00ed<br \/>\n18:00: Ve\u010de\u0159e<br \/>\n19:00: \u00davod do krajin\u00e1\u0159sk\u00e9 astrofotografie + diskuze (pokud zata\u017eeno)<br \/>\n19:00: Asistovan\u00e9 focen\u00ed a pozorov\u00e1n\u00ed oblohy s doprovodem (pokud jasno)<\/p>\n<p>Sobota<br \/>\n9:00: Sn\u00eddan\u011b<br \/>\n10:00: \u00davod do krajin\u00e1\u0159sk\u00e9 astrofotografie + diskuze (pokud jasno v minul\u00e9 noci)<br \/>\n10:00: Praktick\u00e1 uk\u00e1zka zpracov\u00e1n\u00ed dat \u2013 zpracov\u00e1n\u00ed panoramat od po\u0159\u00edzen\u00ed, slo\u017een\u00ed v PTGui a\u017e po fin\u00e1ln\u00ed \u00fapravy v PS + diskuze (pokud zata\u017eeno v minul\u00e9 noci, data budou dod\u00e1na)<br \/>\n12:00: Ob\u011bd<br \/>\n13:00: Pokra\u010dov\u00e1n\u00ed praktick\u00e9 \u010d\u00e1sti \u2013 vlastn\u00edch (jasno v minul\u00e9 noci) \/ dodan\u00fdch dat<br \/>\n16:00: P\u0159edn\u00e1\u0161ka \u201eLovy skvost\u016f temn\u00e9 oblohy\u201c \u2013 s d\u016frazem na uk\u00e1zku probl\u00e9m\u016f p\u0159i focen\u00ed (v p\u0159\u00edpad\u011b mo\u017en\u00e9ho jasn\u00e9ho po\u010das\u00ed po ve\u010de\u0159i) nebo kr\u00e1tk\u00e1 p\u0159est\u00e1vka a pokra\u010dov\u00e1n\u00ed praktick\u00e9 \u010d\u00e1sti (Startrails a skl\u00e1d\u00e1n\u00ed\/kombinov\u00e1n\u00ed + pr\u00e1ce s v\u00fdsledky v LR\/PS)<br \/>\n18:00: Ve\u010de\u0159e<br \/>\n19:00: Focen\u00ed a pozorov\u00e1n\u00ed oblohy (jasno)<br \/>\n19:00: P\u0159edn\u00e1\u0161ka \u201eLovy skvost\u016f temn\u00e9 oblohy\u201c \u2013 s d\u016frazem na uk\u00e1zku probl\u00e9m\u016f p\u0159i focen\u00ed p\u0159i sv\u011bteln\u00e9m zne\u010di\u0161t\u011bn\u00ed a co v\u0161echno lze na tmav\u00e9m nebi zachytit\u2026 (zata\u017eeno); po p\u0159edn\u00e1\u0161ce voln\u00e1 diskuze\/praktick\u00e9 uk\u00e1zky ke zpracov\u00e1n\u00ed sn\u00edmk\u016f uve\u0159ejn\u011bn\u00fdch v p\u0159edn\u00e1\u0161ce<\/p>\n<p>Ned\u011ble<br \/>\n9:00: (\u010di 10:00 podle po\u010das\u00ed p\u0159edchoz\u00ed noci): Sn\u00eddan\u011b<br \/>\n10:00 (\u010di 11:00) \u2013 12:00: teoretick\u00e1\/praktick\u00e1 \u010d\u00e1st podle pr\u016fb\u011bhu v sobotu a konkr\u00e9tn\u00edch po\u017eadavk\u016f \u00fa\u010dastn\u00edk\u016f workshopu<br \/>\n12:00: Ob\u011bd, po ob\u011bd\u011b zakon\u010den\u00ed<\/p>\n<p>Po\u0159adavky na techniku (pokud m\u00e1te mo\u017enost): Minim\u00e1ln\u011b stativ, zrcadlovka, kabelov\u00e1 spou\u0161\u0165, sv\u011bteln\u00e9 objektivy (20-50 mm, f1.4-2.8), PC &#8211; ide\u00e1ln\u011b Win7 nebo10, programy dod\u00e1m na m\u00edst\u011b, ale m\u00edt je (Registar, PTGui, Lightroom, Photoshop, Startrails) je v\u00fdhodou.<\/p>\n<p>Cena je 4500 CZK. V cen\u011b: ubytov\u00e1n\u00ed na horsk\u00e9 chat\u011b \u0160varn\u00e1 Hanka, pln\u00e1 penze, workshop \u2013 teorie a praktick\u00e1 cvi\u010den\u00ed, u\u010debn\u00ed materi\u00e1l a drobn\u00fd d\u00e1rek. V cen\u011b NEN\u00cd zahrnuta vlastn\u00ed doprava na m\u00edsto + v\u00fddaje za alkoholick\u00e9 n\u00e1poje a drobn\u00e9 n\u00e1kupy v chat\u011b, p\u0159\u00edp. vlastn\u00ed aktivity spojen\u00e9 s pobytem.<\/p>\n","protected":false},"excerpt":{"rendered":"<p>Letos se v Beskydech budou konat workshopy v\u011bnovan\u00fd krajin\u00e1\u0159sk\u00e9 astrofotografii, kter\u00fd povede zn\u00e1m\u00fd a nejednou ocen\u011bn\u00fd \u010desk\u00fd astrofotograf Petr Hor\u00e1lek. Term\u00edny kon\u00e1n\u00ed jsou hned t\u0159\u00ed: 5.-7. \u0159\u00edjna v Beskydech:\u00a0http:\/\/bit.ly\/2GaC5J4 12.-14. \u0159\u00edjna v Beskydech:\u00a0http:\/\/bit.ly\/2HgYbZF 2.-4. listopadu v Beskydech:\u00a0http:\/\/bit.ly\/2Hm1RJH N\u00ed\u017ee p\u0159ikl\u00e1d\u00e1me informace k chystan\u00e9mu workshopu. Maxim\u00e1ln\u00ed kapacita je 10 m\u00edst, celkov\u00e1 cena 4500 CZK. V\u00e1\u017en\u00ed z\u00e1jemci mus\u00ed [&hellip;]<\/p>\n","protected":false},"author":3,"featured_media":0,"comment_status":"open","ping_status":"open","sticky":false,"template":"","format":"standard","meta":{"ngg_post_thumbnail":0},"categories":[1],"tags":[],"_links":{"self":[{"href":"http:\/\/www.boto.cz\/index.php?rest_route=\/wp\/v2\/posts\/967"}],"collection":[{"href":"http:\/\/www.boto.cz\/index.php?rest_route=\/wp\/v2\/posts"}],"about":[{"href":"http:\/\/www.boto.cz\/index.php?rest_route=\/wp\/v2\/types\/post"}],"author":[{"embeddable":true,"href":"http:\/\/www.boto.cz\/index.php?rest_route=\/wp\/v2\/users\/3"}],"replies":[{"embeddable":true,"href":"http:\/\/www.boto.cz\/index.php?rest_route=%2Fwp%2Fv2%2Fcomments&post=967"}],"version-history":[{"count":4,"href":"http:\/\/www.boto.cz\/index.php?rest_route=\/wp\/v2\/posts\/967\/revisions"}],"predecessor-version":[{"id":972,"href":"http:\/\/www.boto.cz\/index.php?rest_route=\/wp\/v2\/posts\/967\/revisions\/972"}],"wp:attachment":[{"href":"http:\/\/www.boto.cz\/index.php?rest_route=%2Fwp%2Fv2%2Fmedia&parent=967"}],"wp:term":[{"taxonomy":"category","embeddable":true,"href":"http:\/\/www.boto.cz\/index.php?rest_route=%2Fwp%2Fv2%2Fcategories&post=967"},{"taxonomy":"post_tag","embeddable":true,"href":"http:\/\/www.boto.cz\/index.php?rest_route=%2Fwp%2Fv2%2Ftags&post=967"}],"curies":[{"name":"wp","href":"https:\/\/api.w.org\/{rel}","templated":true}]}}