{"id":755,"date":"2014-06-26T08:54:46","date_gmt":"2014-06-26T08:54:46","guid":{"rendered":"http:\/\/www.boto.cz\/?p=755"},"modified":"2014-06-26T16:54:41","modified_gmt":"2014-06-26T16:54:41","slug":"film-o-boto-ziskal-mezinarodni-oceneni","status":"publish","type":"post","link":"http:\/\/www.boto.cz\/?p=755","title":{"rendered":"Film o BOTO z\u00edskal mezin\u00e1rodn\u00ed ocen\u011bn\u00ed"},"content":{"rendered":"<p><em>Bakal\u00e1\u0159sk\u00fd film <i>Kdyby zhasnul sv\u011bt<\/i> usp\u011bl na mezin\u00e1rodn\u00edm ekologick\u00e9m festivalu TSTTT (T\u00fdk\u00e1 se to tak\u00e9 tebe) v Uhersk\u00e9m Hradi\u0161ti. Dokument o sv\u011bteln\u00e9m zne\u010di\u0161t\u011bn\u00ed a beskydsk\u00e9 p\u0159\u00edrod\u011b byl mezi div\u00e1ky vyhodnocen jako nejlep\u0161\u00ed sn\u00edmek festivalu. Cenu si p\u0159evzala autorka sn\u00edmku Bc. \u017dofie Milatov\u00e1, absolventka oboru Multimedi\u00e1ln\u00ed techniky p\u0159edn\u00e1\u0161en\u00e9m na \u00dastavu fyziky Filozoficko-p\u0159\u00edrodov\u011bdeck\u00e9 fakulty Slezsk\u00e9 univerzity v Opav\u011b a nyn\u00ed studentka filmov\u00e9 \u0161koly v Bratislav\u011b. I kdy\u017e bude film sout\u011b\u017eit je\u0161t\u011b na mezin\u00e1rodn\u00edm ekologick\u00e9m festivalu EKOFILM v Ostrav\u011b, je ji\u017e nyn\u00ed ke zhl\u00e9dnut\u00ed na internetu.<\/em><\/p>\n<p><a href=\"http:\/\/www.boto.cz\/wp-content\/uploads\/2014\/06\/kdybyzhasnulsvet.jpg\"><img loading=\"lazy\" class=\"aligncenter size-full wp-image-760\" alt=\"kdybyzhasnulsvet\" src=\"http:\/\/www.boto.cz\/wp-content\/uploads\/2014\/06\/kdybyzhasnulsvet.jpg\" width=\"606\" height=\"382\" srcset=\"http:\/\/www.boto.cz\/wp-content\/uploads\/2014\/06\/kdybyzhasnulsvet.jpg 606w, http:\/\/www.boto.cz\/wp-content\/uploads\/2014\/06\/kdybyzhasnulsvet-300x189.jpg 300w, http:\/\/www.boto.cz\/wp-content\/uploads\/2014\/06\/kdybyzhasnulsvet-428x270.jpg 428w\" sizes=\"(max-width: 606px) 100vw, 606px\" \/><\/a><\/p>\n<p>Pov\u0161imn\u011bme si, jak p\u0159irozen\u00e9 je dnes pro n\u00e1s, \u017ee v noci nen\u00ed tma. V p\u0159\u00edrod\u011b u\u017e jen st\u011b\u017e\u00ed naraz\u00edme na no\u010dn\u00ed tmu. Tma jako nedostatkov\u00e9 zbo\u017e\u00ed by se mohla st\u00e1t novodob\u00fdm kultem p\u0159\u00edrodn\u00ed \u010distoty, kter\u00fd je souzen jen t\u011bm, kte\u0159\u00ed maj\u00ed to \u0161t\u011bst\u00ed a mohou \u017e\u00edt (nebo aspo\u0148 ob\u010das p\u0159eb\u00fdvat) v rezervac\u00edch no\u010dn\u00ed tmy. Ano, pro n\u011bco tak trivi\u00e1ln\u00edho jako je no\u010dn\u00ed tma dnes mus\u00edme z\u0159izovat rezervace. A pr\u00e1v\u011b o tom je v\u00edt\u011bzn\u00fd film Kdyby zhasnul sv\u011bt.<\/p>\n<p><a href=\"http:\/\/www.boto.cz\/wp-content\/uploads\/2014\/06\/529a715679a6b929553c2961ded6ac9c.jpg\"><img loading=\"lazy\" class=\"aligncenter size-full wp-image-761\" alt=\"529a715679a6b929553c2961ded6ac9c\" src=\"http:\/\/www.boto.cz\/wp-content\/uploads\/2014\/06\/529a715679a6b929553c2961ded6ac9c.jpg\" width=\"300\" height=\"376\" srcset=\"http:\/\/www.boto.cz\/wp-content\/uploads\/2014\/06\/529a715679a6b929553c2961ded6ac9c.jpg 300w, http:\/\/www.boto.cz\/wp-content\/uploads\/2014\/06\/529a715679a6b929553c2961ded6ac9c-239x300.jpg 239w, http:\/\/www.boto.cz\/wp-content\/uploads\/2014\/06\/529a715679a6b929553c2961ded6ac9c-215x270.jpg 215w\" sizes=\"(max-width: 300px) 100vw, 300px\" \/><\/a><\/p>\n<p>Dokument\u00e1rn\u00ed film s n\u00e1zvem Kdyby zhasnul sv\u011bt m\u00e1 dv\u011b roviny. Prvn\u00ed je o sv\u011bteln\u00e9m zne\u010di\u0161t\u011bn\u00ed a druh\u00e1 o Beskydech, p\u0159i\u010dem\u017e to v\u0161e propojuje vznik Beskydsk\u00e9 oblasti tmav\u00e9 oblohy \u2013 n\u011b\u010deho, co bychom mohli nazvat rezervace no\u010dn\u00ed tmy. Dokument je postaven na dvou hlavn\u00edch protagonistech, dvou zcela odli\u0161n\u00fdch osobnostech, kter\u00e9 spojuje spole\u010dn\u00fd \u017eivotn\u00ed osud \u2013 beskydsk\u00e1 p\u0159\u00edroda. Za ochr\u00e1nce sv\u011bteln\u00e9ho zne\u010di\u0161t\u011bn\u00ed a zakladatele Beskydsk\u00e9 oblasti tmav\u00e9 oblohy vystupuje v hlavn\u00ed roli dokumentu Jan Kondziolka a za prost\u00e9ho beskydsk\u00e9ho starousedl\u00edka Eduard N\u011bmec, kter\u00fd v dokumentu kontrastuje jako bezstarostn\u00fd obyvatel um\u011bl\u00fdm no\u010dn\u00edm sv\u011btlem neposti\u017een\u00fdch Beskyd. V dokumentu jsou zm\u00edn\u011bny informace o nejz\u00e1kladn\u011bj\u0161\u00edch dopadech sv\u011bteln\u00e9ho zne\u010di\u0161t\u011bn\u00ed na p\u0159\u00edrodu a autorka ponech\u00e1v\u00e1 na div\u00e1c\u00edch, jak budou tmu a noc p\u0159i no\u010dn\u00ed proch\u00e1zce lampami osv\u00edcen\u00fdm m\u011bstem vn\u00edmat oni sami.<\/p>\n<p><a href=\"http:\/\/www.boto.cz\/wp-content\/uploads\/2014\/06\/552ab812e8af3befc0ddf74448ff82fb.jpg\"><img loading=\"lazy\" class=\"aligncenter size-full wp-image-762\" alt=\"552ab812e8af3befc0ddf74448ff82fb\" src=\"http:\/\/www.boto.cz\/wp-content\/uploads\/2014\/06\/552ab812e8af3befc0ddf74448ff82fb.jpg\" width=\"625\" height=\"413\" srcset=\"http:\/\/www.boto.cz\/wp-content\/uploads\/2014\/06\/552ab812e8af3befc0ddf74448ff82fb.jpg 625w, http:\/\/www.boto.cz\/wp-content\/uploads\/2014\/06\/552ab812e8af3befc0ddf74448ff82fb-300x198.jpg 300w, http:\/\/www.boto.cz\/wp-content\/uploads\/2014\/06\/552ab812e8af3befc0ddf74448ff82fb-408x270.jpg 408w\" sizes=\"(max-width: 625px) 100vw, 625px\" \/><\/a><\/p>\n<p>\u201eNat\u00e1\u010den\u00ed za\u010dalo v l\u00e9t\u011b 2012 a s pauzami trvalo do vyhl\u00e1\u0161en\u00ed Beskydsk\u00e9 oblasti tmav\u00e9 oblohy v b\u0159eznu n\u00e1sleduj\u00edc\u00edho roku,\u201c \u0159\u00edk\u00e1 autorka dokumentu \u017dofie Milatov\u00e1. Nejv\u011bt\u0161\u00ed \u010d\u00e1st materi\u00e1l\u016f byla nato\u010dena v letn\u00edm obdob\u00ed, kdy vznikaly hlavn\u011b podklady k zobrazen\u00ed Beskyd. Sn\u00edmala se \u010dasosb\u011brn\u00e1 videa, nav\u0161t\u011bvovali se lid\u00e9 \u017eij\u00edc\u00ed v Beskydech, ale rovn\u011b\u017e prob\u00edhalo nat\u00e1\u010den\u00ed sv\u011bteln\u00e9ho zne\u010di\u0161t\u011bn\u00ed ve m\u011bstech. \u201eS Honzou Kondziolkou i Eduardem N\u011bmcem jsem str\u00e1vila n\u011bkolik dn\u00ed. \u010casosb\u011brn\u00fdm vide\u00edm ale bylo pot\u0159eba v\u011bnovat v\u00edce \u010dasu. \u00dakazy, kter\u00e9 n\u00e1m p\u0159\u00edroda nab\u00edz\u00ed, bylo pot\u0159eba sledovat, m\u00edsta na sn\u00edm\u00e1n\u00ed fotografi\u00ed vyhled\u00e1vat a pot\u00e9 \u010dekat, a\u017e se nasn\u00edm\u00e1 jejich pot\u0159ebn\u00fd po\u010det. V zimn\u00edm obdob\u00ed roku 2012 se nat\u00e1\u010dela podstatn\u00e1 \u010d\u00e1st ke sv\u011bteln\u00e9mu zne\u010di\u0161t\u011bn\u00ed. Na ja\u0159e 2013 jsem pak dokumentovala pr\u016fb\u011bh zalo\u017een\u00ed Beskydsk\u00e9 oblasti tmav\u00e9 oblohy,\u201c popisuje pr\u016fb\u011bh nat\u00e1\u010den\u00ed \u017dofie.<\/p>\n<p>Beskydy se 4. b\u0159ezna 2013 staly druhou oblast\u00ed v \u010cesk\u00e9 republice, kter\u00e1 zachov\u00e1v\u00e1 temnou no\u010dn\u00ed oblohu. Beskydsk\u00e1 oblast tmav\u00e9 oblohy vznikla prost\u0159ednictv\u00edm memoranda obc\u00ed a instituc\u00ed z podn\u011btu aktivisty Jana Kondziolky.<\/p>\n<p style=\"text-align: center;\"><span class=\"youtube\"><iframe title=\"YouTube video player\" class=\"youtube-player\" type=\"text\/html\" width=\"480\" height=\"385\" src=\"\/\/www.youtube.com\/embed\/9cVMq-WbkeA?wmode=transparent&amp;fs=1&amp;hl=en&amp;modestbranding=1&amp;iv_load_policy=3&amp;showsearch=0&amp;rel=1&amp;theme=dark\" frameborder=\"0\" allowfullscreen><\/iframe><\/span><br \/>\n<em>Video &#8220;Kdyby zhasnul sv\u011bt&#8221;<\/em><\/p>\n<p><strong><a href=\"http:\/\/bit.ly\/kdyby-zhasnul-svet\" target=\"_blank\">Video ve festivalov\u00e9 verzi<\/a><\/strong><\/p>\n<p><strong><a href=\"http:\/\/www.csfd.cz\/film\/362247-kdyby-zhasnul-svet\/\" target=\"_blank\">Datab\u00e1zov\u00fd z\u00e1znam<\/a><\/strong><\/p>\n<p><strong><a href=\"http:\/\/bit.ly\/tsttt-vysledky\" target=\"_blank\">V\u00fdsledky festivalu TSTTT<\/a><\/strong><\/p>\n<p>Autor: Martin K\u016fs<\/p>\n","protected":false},"excerpt":{"rendered":"<p>Bakal\u00e1\u0159sk\u00fd film Kdyby zhasnul sv\u011bt usp\u011bl na mezin\u00e1rodn\u00edm ekologick\u00e9m festivalu TSTTT (T\u00fdk\u00e1 se to tak\u00e9 tebe) v Uhersk\u00e9m Hradi\u0161ti. Dokument o sv\u011bteln\u00e9m zne\u010di\u0161t\u011bn\u00ed a beskydsk\u00e9 p\u0159\u00edrod\u011b byl mezi div\u00e1ky vyhodnocen jako nejlep\u0161\u00ed sn\u00edmek festivalu. Cenu si p\u0159evzala autorka sn\u00edmku Bc. \u017dofie Milatov\u00e1, absolventka oboru Multimedi\u00e1ln\u00ed techniky p\u0159edn\u00e1\u0161en\u00e9m na \u00dastavu fyziky Filozoficko-p\u0159\u00edrodov\u011bdeck\u00e9 fakulty Slezsk\u00e9 univerzity v [&hellip;]<\/p>\n","protected":false},"author":3,"featured_media":0,"comment_status":"open","ping_status":"open","sticky":false,"template":"","format":"standard","meta":{"ngg_post_thumbnail":0},"categories":[1],"tags":[],"_links":{"self":[{"href":"http:\/\/www.boto.cz\/index.php?rest_route=\/wp\/v2\/posts\/755"}],"collection":[{"href":"http:\/\/www.boto.cz\/index.php?rest_route=\/wp\/v2\/posts"}],"about":[{"href":"http:\/\/www.boto.cz\/index.php?rest_route=\/wp\/v2\/types\/post"}],"author":[{"embeddable":true,"href":"http:\/\/www.boto.cz\/index.php?rest_route=\/wp\/v2\/users\/3"}],"replies":[{"embeddable":true,"href":"http:\/\/www.boto.cz\/index.php?rest_route=%2Fwp%2Fv2%2Fcomments&post=755"}],"version-history":[{"count":9,"href":"http:\/\/www.boto.cz\/index.php?rest_route=\/wp\/v2\/posts\/755\/revisions"}],"predecessor-version":[{"id":776,"href":"http:\/\/www.boto.cz\/index.php?rest_route=\/wp\/v2\/posts\/755\/revisions\/776"}],"wp:attachment":[{"href":"http:\/\/www.boto.cz\/index.php?rest_route=%2Fwp%2Fv2%2Fmedia&parent=755"}],"wp:term":[{"taxonomy":"category","embeddable":true,"href":"http:\/\/www.boto.cz\/index.php?rest_route=%2Fwp%2Fv2%2Fcategories&post=755"},{"taxonomy":"post_tag","embeddable":true,"href":"http:\/\/www.boto.cz\/index.php?rest_route=%2Fwp%2Fv2%2Ftags&post=755"}],"curies":[{"name":"wp","href":"https:\/\/api.w.org\/{rel}","templated":true}]}}