{"id":734,"date":"2014-03-12T19:31:18","date_gmt":"2014-03-12T19:31:18","guid":{"rendered":"http:\/\/www.boto.cz\/?p=734"},"modified":"2014-03-12T19:31:18","modified_gmt":"2014-03-12T19:31:18","slug":"opet-chystame-jarni-astronomicky-den","status":"publish","type":"post","link":"http:\/\/www.boto.cz\/?p=734","title":{"rendered":"Op\u011bt chyst\u00e1me Jarn\u00ed astronomick\u00fd den!"},"content":{"rendered":"<p>Jak se ji\u017e stalo tradic\u00ed, tak i letos se m\u016f\u017eete v m\u011bs\u00edci kv\u011btnu t\u011b\u0161it na den pln\u00fd pozorov\u00e1n\u00ed, p\u0159edn\u00e1\u0161ek a uk\u00e1zek. Ba co v\u00edc! Podobn\u00fdch akc\u00ed se v kv\u011btnu po republice i na Slovensku uskute\u010dn\u00ed v\u00edce! Ze zku\u0161enost\u00ed v Beskydech vznikla skv\u011bl\u00e1 spolupr\u00e1ce a tak budete moci nav\u0161tivit dal\u0161\u00ed astronomick\u00e9 dny t\u0159eba v B\u00edl\u00fdch Karpatech, Podyj\u00ed, \u010cesk\u00e9m \u0160v\u00fdcarsku, Jizersk\u00fdch hor\u00e1ch a na Slovensku v Polonin\u00e1ch. Podrobn\u00fd program v\u0161ech akc\u00ed bude brzy zve\u0159ejn\u011bn, zat\u00edm jen pozv\u00e1nka pro pozna\u010den\u00ed data do den\u00ed\u010dku :-D<\/p>\n<p><a href=\"http:\/\/www.boto.cz\/wp-content\/uploads\/2014\/03\/Jarni-astrodny.jpg\"><img loading=\"lazy\" class=\"aligncenter size-medium wp-image-735\" alt=\"Jarni astrodny\" src=\"http:\/\/www.boto.cz\/wp-content\/uploads\/2014\/03\/Jarni-astrodny-212x300.jpg\" width=\"212\" height=\"300\" srcset=\"http:\/\/www.boto.cz\/wp-content\/uploads\/2014\/03\/Jarni-astrodny-212x300.jpg 212w, http:\/\/www.boto.cz\/wp-content\/uploads\/2014\/03\/Jarni-astrodny-723x1024.jpg 723w, http:\/\/www.boto.cz\/wp-content\/uploads\/2014\/03\/Jarni-astrodny-190x270.jpg 190w, http:\/\/www.boto.cz\/wp-content\/uploads\/2014\/03\/Jarni-astrodny.jpg 1078w\" sizes=\"(max-width: 212px) 100vw, 212px\" \/><\/a><\/p>\n","protected":false},"excerpt":{"rendered":"<p>Jak se ji\u017e stalo tradic\u00ed, tak i letos se m\u016f\u017eete v m\u011bs\u00edci kv\u011btnu t\u011b\u0161it na den pln\u00fd pozorov\u00e1n\u00ed, p\u0159edn\u00e1\u0161ek a uk\u00e1zek. Ba co v\u00edc! Podobn\u00fdch akc\u00ed se v kv\u011btnu po republice i na Slovensku uskute\u010dn\u00ed v\u00edce! Ze zku\u0161enost\u00ed v Beskydech vznikla skv\u011bl\u00e1 spolupr\u00e1ce a tak budete moci nav\u0161tivit dal\u0161\u00ed astronomick\u00e9 dny t\u0159eba v B\u00edl\u00fdch Karpatech, [&hellip;]<\/p>\n","protected":false},"author":3,"featured_media":0,"comment_status":"open","ping_status":"open","sticky":false,"template":"","format":"standard","meta":{"ngg_post_thumbnail":0},"categories":[1],"tags":[],"_links":{"self":[{"href":"http:\/\/www.boto.cz\/index.php?rest_route=\/wp\/v2\/posts\/734"}],"collection":[{"href":"http:\/\/www.boto.cz\/index.php?rest_route=\/wp\/v2\/posts"}],"about":[{"href":"http:\/\/www.boto.cz\/index.php?rest_route=\/wp\/v2\/types\/post"}],"author":[{"embeddable":true,"href":"http:\/\/www.boto.cz\/index.php?rest_route=\/wp\/v2\/users\/3"}],"replies":[{"embeddable":true,"href":"http:\/\/www.boto.cz\/index.php?rest_route=%2Fwp%2Fv2%2Fcomments&post=734"}],"version-history":[{"count":1,"href":"http:\/\/www.boto.cz\/index.php?rest_route=\/wp\/v2\/posts\/734\/revisions"}],"predecessor-version":[{"id":736,"href":"http:\/\/www.boto.cz\/index.php?rest_route=\/wp\/v2\/posts\/734\/revisions\/736"}],"wp:attachment":[{"href":"http:\/\/www.boto.cz\/index.php?rest_route=%2Fwp%2Fv2%2Fmedia&parent=734"}],"wp:term":[{"taxonomy":"category","embeddable":true,"href":"http:\/\/www.boto.cz\/index.php?rest_route=%2Fwp%2Fv2%2Fcategories&post=734"},{"taxonomy":"post_tag","embeddable":true,"href":"http:\/\/www.boto.cz\/index.php?rest_route=%2Fwp%2Fv2%2Ftags&post=734"}],"curies":[{"name":"wp","href":"https:\/\/api.w.org\/{rel}","templated":true}]}}