{"id":6,"date":"2012-12-27T18:10:04","date_gmt":"2012-12-27T18:10:04","guid":{"rendered":"http:\/\/www.boto.cz\/?p=6"},"modified":"2013-03-07T13:52:55","modified_gmt":"2013-03-07T13:52:55","slug":"tma-v-beskydech-zacina-byt-pro-mestskeho-cloveka-mimoradnym-zazitkem","status":"publish","type":"post","link":"http:\/\/www.boto.cz\/?p=6","title":{"rendered":"Tma v Beskydech za\u010d\u00edn\u00e1 b\u00fdt pro m\u011bstsk\u00e9ho \u010dlov\u011bka mimo\u0159\u00e1dn\u00fdm z\u00e1\u017eitkem"},"content":{"rendered":"<p style=\"text-align: justify;\"><em>V pond\u011bl\u00ed 14. kv\u011btna 2012 se v horsk\u00e9 chat\u011b \u0160varn\u00e1 Hanka konalo \u00favodn\u00ed setk\u00e1n\u00ed uveden\u00e9 n\u00e1zvem\u00a0<em>Prvn\u00ed konference ke vzniku Beskydsk\u00e9 oblasti tmav\u00e9 oblohy<\/em>. Se\u0161li se na n\u011bm z\u00e1stupci Spr\u00e1vy CHKO Beskydy, Les\u016f \u010cR, m\u00edstn\u00edch samospr\u00e1v, \u010cesk\u00e9 astronomick\u00e9 spole\u010dnosti, Astronomick\u00e9ho \u00fastavu AV \u010cR a Slovensk\u00e9 astronomick\u00e9 spole\u010dnosti. T\u00e9matem setk\u00e1n\u00ed bylo p\u0159edstaven\u00ed z\u00e1m\u011bru vyhl\u00e1sit v okol\u00ed\u00a0<em>Grun\u011b\u00a0<\/em>oblast tmav\u00e9 oblohy.<\/em><\/p>\n<p><!--more--><\/p>\n<div class=\"obrazek\"><a href=\"http:\/\/www.boto.cz\/wp-content\/uploads\/2013\/01\/konference.jpg\" rel=\"lightbox[24]\"><img title=\"konference\" src=\"http:\/\/www.boto.cz\/wp-content\/uploads\/2013\/01\/konference-300x200.jpg\" alt=\"\" \/><\/a><br \/>\nMartin Gembec hovo\u0159\u00ed na konferenci s m\u00edstn\u00edmi z\u00e1stupci<\/div>\n<p style=\"text-align: justify;\">Oblasti tmav\u00e9 oblohy vznikaj\u00ed po cel\u00e9m sv\u011bt\u011b s c\u00edlem chr\u00e1nit no\u010dn\u00ed p\u0159\u00edrodu, kter\u00e1 no\u010dn\u00ed tmu pot\u0159ebuje. \u201e<em>Nebude to v\u0161ak znamenat \u017e\u00e1dn\u00e9 zhas\u00edn\u00e1n\u00ed, \u010di jin\u00e9 nucen\u00e9 omezov\u00e1n\u00ed osv\u011btlen\u00ed. Zdej\u0161\u00ed obloha je ji\u017e tak kvalitn\u00ed a douf\u00e1me, \u017ee si ka\u017ed\u00fd s\u00e1m uv\u011bdom\u00ed, \u017ee se mu vyplat\u00ed ji zachovat a sv\u00edtit s rozumem<\/em>\u201e, \u0159\u00edk\u00e1 Pavel Suchan z Astronomick\u00e9ho \u00fastavu Akademie v\u011bd v Ond\u0159ejov\u011b. Po sv\u011bt\u011b je vyhl\u00e1\u0161eno 25 oblast\u00ed \u010di park\u016f tmav\u00e9 oblohy, z toho jedna u n\u00e1s v Jizersk\u00fdch hor\u00e1ch jako form\u00e1ln\u011b prvn\u00ed mezin\u00e1rodn\u00ed oblast tohoto druhu, v tomto p\u0159\u00edpad\u011b \u010desko \u2013 polsk\u00e1 (<a href=\"http:\/\/www.izera-darksky.eu\/\" target=\"_blank\">www.izera-darksky.eu<\/a>). Dal\u0161\u00ed najdeme na v\u00fdchod\u011b Slovenska v n\u00e1rodn\u00edm parku Poloniny (<a href=\"http:\/\/poloniny.svetelneznecistenie.sk\/\" target=\"_blank\">poloniny.svetelneznecistenie.sk<\/a>), dv\u011b jsou tak\u00e9 v Ma\u010farsku.Konferenci organizovali mlad\u00ed lid\u00e9 podpo\u0159en\u00ed z programu\u00a0<a href=\"http:\/\/www.o2thinkbig.cz\/\" target=\"_blank\">Think big<\/a>\u00a0<a href=\"http:\/\/www.nadaceo2.cz\/\" target=\"_blank\">Nadace O2<\/a>, kte\u0159\u00ed z\u00e1rove\u0148 stav\u00ed stanici k m\u011b\u0159en\u00ed sv\u011bteln\u00e9ho zne\u010di\u0161t\u011bn\u00ed a pozorov\u00e1n\u00ed meteor\u016f na B\u00edl\u00e9m K\u0159\u00ed\u017ei. \u201e<em>A\u017e bude padat dal\u0161\u00ed meteorit Mor\u00e1vka, budeme to m\u00edt v p\u0159\u00edm\u00e9m p\u0159enosu<\/em>\u201e, dod\u00e1v\u00e1 s \u00fasm\u011bvem Jan Kondziolka, kter\u00fd tento projekt vede.<\/p>\n<div class=\"obrazek\"><a href=\"http:\/\/www.boto.cz\/wp-content\/uploads\/2013\/01\/think-big-indigo-logo.jpg\" rel=\"lightbox[24]\"><img title=\"Think Big O2 White Grass\" src=\"http:\/\/www.boto.cz\/wp-content\/uploads\/2013\/01\/think-big-indigo-logo-300x253.jpg\" alt=\"\" \/><\/a><br \/>\nProjekt vzniku Beskydsk\u00e9 oblasti tmav\u00e9 pblohy byl podpo\u0159en programem Think Big.<\/div>\n<p style=\"text-align: justify;\">P\u0159i jedn\u00e1n\u00ed panovala vz\u00e1cn\u00e1 shoda, byly stanoveny konkr\u00e9tn\u00ed \u00fakoly a tak se snad v dohledn\u00e9 dob\u011b jednoho roku m\u016f\u017eeme t\u011b\u0161it na\u00a0<em>Beskydskou oblast tmav\u00e9 oblohy<\/em>, jak se m\u00e1 ofici\u00e1ln\u011b jmenovat.<\/p>\n<p style=\"text-align: justify;\">V\u00edce o sv\u011bteln\u00e9m zne\u010di\u0161t\u011bn\u00ed a ochran\u011b no\u010dn\u00edho \u017eivotn\u00edho prost\u0159ed\u00ed se do\u010dtete na\u00a0<a href=\"http:\/\/www.svetelneznecisteni.cz\/\" target=\"_blank\">www.svetelneznecisteni.cz<\/a>. Pod\u00edvat se na kr\u00e1tk\u00e9 filmy a st\u00e1hnout si informa\u010dn\u00ed materi\u00e1ly m\u016f\u017eete t\u0159eba na\u00a0<a href=\"http:\/\/www.asu.cas.cz\/svetelne-znecisteni\" target=\"_blank\">www.asu.cas.cz\/svetelne-znecisteni<\/a>.<\/p>\n","protected":false},"excerpt":{"rendered":"<p>V pond\u011bl\u00ed 14. kv\u011btna 2012 se v horsk\u00e9 chat\u011b \u0160varn\u00e1 Hanka konalo \u00favodn\u00ed setk\u00e1n\u00ed uveden\u00e9 n\u00e1zvem\u00a0Prvn\u00ed konference ke vzniku Beskydsk\u00e9 oblasti tmav\u00e9 oblohy. Se\u0161li se na n\u011bm z\u00e1stupci Spr\u00e1vy CHKO Beskydy, Les\u016f \u010cR, m\u00edstn\u00edch samospr\u00e1v, \u010cesk\u00e9 astronomick\u00e9 spole\u010dnosti, Astronomick\u00e9ho \u00fastavu AV \u010cR a Slovensk\u00e9 astronomick\u00e9 spole\u010dnosti. T\u00e9matem setk\u00e1n\u00ed bylo p\u0159edstaven\u00ed z\u00e1m\u011bru vyhl\u00e1sit v okol\u00ed\u00a0Grun\u011b\u00a0oblast tmav\u00e9 [&hellip;]<\/p>\n","protected":false},"author":1,"featured_media":40,"comment_status":"open","ping_status":"open","sticky":false,"template":"","format":"standard","meta":{"ngg_post_thumbnail":0},"categories":[1],"tags":[],"_links":{"self":[{"href":"http:\/\/www.boto.cz\/index.php?rest_route=\/wp\/v2\/posts\/6"}],"collection":[{"href":"http:\/\/www.boto.cz\/index.php?rest_route=\/wp\/v2\/posts"}],"about":[{"href":"http:\/\/www.boto.cz\/index.php?rest_route=\/wp\/v2\/types\/post"}],"author":[{"embeddable":true,"href":"http:\/\/www.boto.cz\/index.php?rest_route=\/wp\/v2\/users\/1"}],"replies":[{"embeddable":true,"href":"http:\/\/www.boto.cz\/index.php?rest_route=%2Fwp%2Fv2%2Fcomments&post=6"}],"version-history":[{"count":6,"href":"http:\/\/www.boto.cz\/index.php?rest_route=\/wp\/v2\/posts\/6\/revisions"}],"predecessor-version":[{"id":281,"href":"http:\/\/www.boto.cz\/index.php?rest_route=\/wp\/v2\/posts\/6\/revisions\/281"}],"wp:featuredmedia":[{"embeddable":true,"href":"http:\/\/www.boto.cz\/index.php?rest_route=\/wp\/v2\/media\/40"}],"wp:attachment":[{"href":"http:\/\/www.boto.cz\/index.php?rest_route=%2Fwp%2Fv2%2Fmedia&parent=6"}],"wp:term":[{"taxonomy":"category","embeddable":true,"href":"http:\/\/www.boto.cz\/index.php?rest_route=%2Fwp%2Fv2%2Fcategories&post=6"},{"taxonomy":"post_tag","embeddable":true,"href":"http:\/\/www.boto.cz\/index.php?rest_route=%2Fwp%2Fv2%2Ftags&post=6"}],"curies":[{"name":"wp","href":"https:\/\/api.w.org\/{rel}","templated":true}]}}