{"id":552,"date":"2013-08-18T08:58:10","date_gmt":"2013-08-18T08:58:10","guid":{"rendered":"http:\/\/www.boto.cz\/?p=552"},"modified":"2013-08-18T08:58:10","modified_gmt":"2013-08-18T08:58:10","slug":"pripravujeme-noc-vedcu-na-visalajich-a-den-otevrenych-dveri-na-bilem-krizi","status":"publish","type":"post","link":"http:\/\/www.boto.cz\/?p=552","title":{"rendered":"P\u0159ipravujeme Noc v\u011bdc\u016f na Visalaj\u00edch a den otev\u0159en\u00fdch dve\u0159\u00ed na B\u00edl\u00e9m k\u0159\u00ed\u017ei"},"content":{"rendered":"<p>Od p\u00e1tku 27. do soboty 28. z\u00e1\u0159\u00ed po\u0159\u00e1d\u00e1 na ekosyst\u00e9mov\u00e9 stanici B\u00edl\u00fd K\u0159\u00ed\u017e <a href=\"http:\/\/www.czechglobe.cz\/cs\/uvod\/\">Centrum v\u00fdzkumu glob\u00e1ln\u00ed zm\u011bny AV \u010cR, v.v.i<\/a> Den otev\u0159en\u00fdch dve\u0159\u00ed, b\u011bhem n\u011bj\u017e prob\u011bhne t\u00e9\u017e Noc v\u011bdc\u016f.<\/p>\n<p>&nbsp;<\/p>\n<div id=\"attachment_553\" style=\"width: 310px\" class=\"wp-caption aligncenter\"><a href=\"http:\/\/www.boto.cz\/wp-content\/uploads\/2013\/08\/IMG_1073.jpg\"><img aria-describedby=\"caption-attachment-553\" loading=\"lazy\" class=\"size-medium wp-image-553\" title=\"IMG_1073\" src=\"http:\/\/www.boto.cz\/wp-content\/uploads\/2013\/08\/IMG_1073-300x200.jpg\" alt=\"Ekosyst\u00e9mov\u00e1 stanice B\u00edl\u00fd k\u0159\u00ed\u017e\" width=\"300\" height=\"200\" srcset=\"http:\/\/www.boto.cz\/wp-content\/uploads\/2013\/08\/IMG_1073-300x200.jpg 300w, http:\/\/www.boto.cz\/wp-content\/uploads\/2013\/08\/IMG_1073-404x270.jpg 404w, http:\/\/www.boto.cz\/wp-content\/uploads\/2013\/08\/IMG_1073.jpg 1024w\" sizes=\"(max-width: 300px) 100vw, 300px\" \/><\/a><p id=\"caption-attachment-553\" class=\"wp-caption-text\">Ekosyst\u00e9mov\u00e1 stanice B\u00edl\u00fd k\u0159\u00ed\u017e<\/p><\/div>\n<p>&nbsp;<\/p>\n<p>Ta tentokr\u00e1t p\u0159ipad\u00e1 na za\u010d\u00e1tek sv\u00e1tku sv. V\u00e1clava. Ve star\u00e9m k\u0159es\u0165ansk\u00e9m kalend\u00e1\u0159i toti\u017e nov\u00e9 datum za\u010d\u00edn\u00e1 setm\u011bn\u00edm (v \u017eidovsk\u00e9m a muslimsk\u00e9m to tak z\u016fstalo). Dosud tak slav\u00edme alespo\u0148 sv. Mikul\u00e1\u0161e, Bo\u017e\u00ed hod v\u00e1no\u010dn\u00ed (\u0160t\u011bdr\u00fdm ve\u010derem), i sv\u00e9 narozeniny. A tout\u00e9\u017e noc\u00ed samoz\u0159ejm\u011b za\u010d\u00edn\u00e1 i Den \u010desk\u00e9 st\u00e1tnosti.<\/p>\n<p>&nbsp;<\/p>\n<p>Zah\u00e1jen\u00ed Dne otev\u0159en\u00fdch dve\u0159\u00ed je v p\u00e1tek <strong>27.9 v 15 h<\/strong>, konec v sobotu <strong>28.9 v 15 h<\/strong>, &#8220;no\u010dn\u00ed&#8221; p\u0159est\u00e1vka je od 23 h do 9 h.<\/p>\n<p>&nbsp;<\/p>\n<p>V p\u00e1tek sou\u010dasn\u011b prob\u00edh\u00e1 na t\u00e9m\u017ee <a href=\"http:\/\/mapy.cz\/s\/8iCW\">m\u00edst\u011b<\/a>\u00a0 jedna z akc\u00ed Noci v\u011bdc\u016f, jej\u00edm\u017e spolupo\u0159adatelem je zde Amat\u00e9rsk\u00e1 prohl\u00eddka oblohy, Slovensk\u00fd zv\u00e4z astron\u00f3mov a Slovensk\u00e1 Astronomick\u00e1 spolo\u010dnos\u0165 pri SAV. Ti budou p\u016fsobit i na druh\u00e9m stanovi\u0161ti ve <a href=\"http:\/\/mapy.cz\/s\/8iD2\">Visal\u00e1j\u00edch<\/a> &#8211; to je t\u00e9\u017e nejbli\u017e\u0161\u00ed autobusov\u00e1 zast\u00e1vka (kone\u010dn\u00e1), jen 2,3 km severn\u011b od ekosyst\u00e9mov\u00e9 stanice.<\/p>\n<p>&nbsp;<\/p>\n<p>M\u00edsto kon\u00e1n\u00ed je pro takovou noc zvl\u00e1\u0161t\u011b vhodn\u00e9. Nejen kv\u016fli unik\u00e1tn\u00ed stanici Akademie v\u011bd, ale tak\u00e9 proto, \u017ee to je oblast, kde je no\u010dn\u00ed prost\u0159ed\u00ed mnohem bl\u00ed\u017ee tomu p\u0159\u00edrodn\u00edmu ne\u017e na valn\u00e9 v\u011bt\u0161in\u011b \u010desk\u00e9ho \u00fazem\u00ed. Proto tam tak\u00e9 byla letos vyhl\u00e1\u0161ena mezin\u00e1rodn\u00ed <a href=\"http:\/\/www.boto.cz\/\">Beskydsk\u00e1 oblast tmav\u00e9 oblohy<\/a>. Samoz\u0159ejm\u011b do n\u00ed zasahuje vliv sv\u011btla ze vzd\u00e1len\u00fdch m\u011bst, ru\u0161\u00ed i sv\u011btlo od toho m\u00e1la ve\u0159ejn\u00e9ho osv\u011btlen\u00ed, kter\u00e9 se v\u00a0oblasti nach\u00e1z\u00ed, p\u0159esto je m\u00edsto natolik unik\u00e1tn\u00ed, \u017ee podobn\u011b kvalitn\u00ed oblohu najdete nejbl\u00ed\u017ee na \u0160umav\u011b, v\u00a0<a href=\"http:\/\/www.izera-darksky.eu\/index-cs.html\">Jizersk\u00fdch hor\u00e1ch<\/a>, nebo na v\u00fdchod\u011b Slovenska v\u00a0<a href=\"http:\/\/poloniny.svetelneznecistenie.sk\/\">Polonin\u00e1ch<\/a>.<br \/>\nBezm\u011bs\u00ed\u010dn\u00fd ve\u010der bude p\u0159\u00edle\u017eitost\u00ed porozum\u011bt st\u0159\u00edd\u00e1n\u00ed dne a noci, sezn\u00e1mit se s t\u00edm, jak se m\u011bn\u00ed a m\u011b\u0159\u00ed sv\u011bteln\u00e9 pom\u011bry, i jak\u00fd to m\u00e1 vliv na rostliny, \u017eivo\u010dichy i na n\u00e1s. Pokud bude jasno, tak se bude mo\u017en\u00e9 pokochat hv\u011bzdn\u00fdm nebem tak tmav\u00fdm, jak\u00e9 na \u017e\u00e1dn\u00e9 \u010desk\u00e9 hv\u011bzd\u00e1rn\u011b nenajdete! Jeho znalci nab\u00eddnou i pohledy p\u0159es dalekohledy.<\/p>\n<p>&nbsp;<\/p>\n<div id=\"attachment_554\" style=\"width: 310px\" class=\"wp-caption aligncenter\"><a href=\"http:\/\/www.boto.cz\/wp-content\/uploads\/2013\/08\/IMG_0003.jpg\"><img aria-describedby=\"caption-attachment-554\" loading=\"lazy\" class=\"size-medium wp-image-554\" title=\"IMG_0003\" src=\"http:\/\/www.boto.cz\/wp-content\/uploads\/2013\/08\/IMG_0003-300x200.jpg\" alt=\"Lo\u0148sk\u00fd ro\u010dn\u00edk Noci v\u011bdc\u016f\" width=\"300\" height=\"200\" srcset=\"http:\/\/www.boto.cz\/wp-content\/uploads\/2013\/08\/IMG_0003-300x200.jpg 300w, http:\/\/www.boto.cz\/wp-content\/uploads\/2013\/08\/IMG_0003-1024x682.jpg 1024w, http:\/\/www.boto.cz\/wp-content\/uploads\/2013\/08\/IMG_0003-405x270.jpg 405w\" sizes=\"(max-width: 300px) 100vw, 300px\" \/><\/a><p id=\"caption-attachment-554\" class=\"wp-caption-text\">Lo\u0148sk\u00fd ro\u010dn\u00edk Noci v\u011bdc\u016f<\/p><\/div>\n<p>&nbsp;<\/p>\n<p>Krom\u011b toho u\u017e za sv\u011btla v\u011bdci uk\u00e1\u017e\u00ed n\u011bco ze sv\u00e9 pr\u00e1ce a p\u0159edvedou vybaven\u00ed ekosyst\u00e9mov\u00e9 stanice. Ta se zab\u00fdv\u00e1 p\u0159edev\u0161\u00edm v\u00fdzkumem asimilace uhl\u00edku rostlinami, zde p\u0159edev\u0161\u00edm mladou smr\u010dinou, v\u00fdjime\u010dn\u00e1 je svou dvojic\u00ed sklen\u011bn\u00fdch &#8220;sf\u00e9r&#8221;, v nich\u017e se zkoum\u00e1 vliv velmi zv\u00fd\u0161en\u00e9 koncentrace oxidu uhli\u010dit\u00e9ho, jakou m\u016f\u017eeme (bohu\u017eel) o\u010dek\u00e1vat u\u017e v tomto stolet\u00ed.<\/p>\n<p>&nbsp;<\/p>\n<p>Podrobn\u00fd program dne otev\u0159en\u00fdch dve\u0159\u00ed i Noci v\u011bdc\u016f i s\u00a0\u010dasov\u00fdm harmonogramem zve\u0159ejn\u00edme na str\u00e1nk\u00e1ch <a href=\"http:\/\/www.boto.cz\">www.boto.cz<\/a> a <a href=\"https:\/\/www.facebook.com\/NebePlneHvezd\">www.facebook.com\/NebePlneHvezd<\/a> b\u011bhem n\u00e1sleduj\u00edc\u00edho t\u00fddne.<\/p>\n","protected":false},"excerpt":{"rendered":"<p>Od p\u00e1tku 27. do soboty 28. z\u00e1\u0159\u00ed po\u0159\u00e1d\u00e1 na ekosyst\u00e9mov\u00e9 stanici B\u00edl\u00fd K\u0159\u00ed\u017e Centrum v\u00fdzkumu glob\u00e1ln\u00ed zm\u011bny AV \u010cR, v.v.i Den otev\u0159en\u00fdch dve\u0159\u00ed, b\u011bhem n\u011bj\u017e prob\u011bhne t\u00e9\u017e Noc v\u011bdc\u016f. &nbsp; &nbsp; Ta tentokr\u00e1t p\u0159ipad\u00e1 na za\u010d\u00e1tek sv\u00e1tku sv. V\u00e1clava. Ve star\u00e9m k\u0159es\u0165ansk\u00e9m kalend\u00e1\u0159i toti\u017e nov\u00e9 datum za\u010d\u00edn\u00e1 setm\u011bn\u00edm (v \u017eidovsk\u00e9m a muslimsk\u00e9m to tak z\u016fstalo). [&hellip;]<\/p>\n","protected":false},"author":3,"featured_media":0,"comment_status":"open","ping_status":"open","sticky":false,"template":"","format":"standard","meta":{"ngg_post_thumbnail":0},"categories":[1],"tags":[],"_links":{"self":[{"href":"http:\/\/www.boto.cz\/index.php?rest_route=\/wp\/v2\/posts\/552"}],"collection":[{"href":"http:\/\/www.boto.cz\/index.php?rest_route=\/wp\/v2\/posts"}],"about":[{"href":"http:\/\/www.boto.cz\/index.php?rest_route=\/wp\/v2\/types\/post"}],"author":[{"embeddable":true,"href":"http:\/\/www.boto.cz\/index.php?rest_route=\/wp\/v2\/users\/3"}],"replies":[{"embeddable":true,"href":"http:\/\/www.boto.cz\/index.php?rest_route=%2Fwp%2Fv2%2Fcomments&post=552"}],"version-history":[{"count":6,"href":"http:\/\/www.boto.cz\/index.php?rest_route=\/wp\/v2\/posts\/552\/revisions"}],"predecessor-version":[{"id":560,"href":"http:\/\/www.boto.cz\/index.php?rest_route=\/wp\/v2\/posts\/552\/revisions\/560"}],"wp:attachment":[{"href":"http:\/\/www.boto.cz\/index.php?rest_route=%2Fwp%2Fv2%2Fmedia&parent=552"}],"wp:term":[{"taxonomy":"category","embeddable":true,"href":"http:\/\/www.boto.cz\/index.php?rest_route=%2Fwp%2Fv2%2Fcategories&post=552"},{"taxonomy":"post_tag","embeddable":true,"href":"http:\/\/www.boto.cz\/index.php?rest_route=%2Fwp%2Fv2%2Ftags&post=552"}],"curies":[{"name":"wp","href":"https:\/\/api.w.org\/{rel}","templated":true}]}}