{"id":4,"date":"2012-12-27T18:19:00","date_gmt":"2012-12-27T18:19:00","guid":{"rendered":"http:\/\/www.boto.cz\/?p=4"},"modified":"2013-03-10T15:29:06","modified_gmt":"2013-03-10T15:29:06","slug":"noc-vedcu-v-beskydech","status":"publish","type":"post","link":"http:\/\/www.boto.cz\/?p=4","title":{"rendered":"Noc v\u011bdc\u016f v Beskydech"},"content":{"rendered":"<p style=\"text-align: justify;\"><em>V r\u00e1mci projektu Beskydsk\u00e9 oblasti tmav\u00e9 oblohy na konci z\u00e1\u0159\u00ed po\u0159\u00e1dala Amat\u00e9rsk\u00e1 prohl\u00eddka oblohy (sekce \u010cesk\u00e9 astronomick\u00e9 spole\u010dnosti) ve spolupr\u00e1ci mlad\u00fdmi lidmi podpo\u0159en\u00fdmi z programu Think Big Nadace O2 na Gruni ve Star\u00fdch Hamrech Evropskou noc v\u011bdc\u016f.<\/em><\/p>\n<p><!--more--><\/p>\n<p>&nbsp;<\/p>\n<div class=\"obrazek\" class=\"ngg-gallery-thumbnail\" style=\"text-align: center;\"><a href=\"http:\/\/www.boto.cz\/wp-content\/uploads\/2013\/01\/2042_20120929200631.jpg\" rel=\"lightbox[29]\"><img title=\"2042_20120929200631\" src=\"http:\/\/www.boto.cz\/wp-content\/uploads\/2013\/01\/2042_20120929200631-300x200.jpg\" alt=\"\" \/><\/a><br \/>\nRealiza\u010dn\u00ed t\u00fdm<\/div>\n<p style=\"text-align: justify;\">Tato akce je celoevropsk\u00e1, v r\u00e1mc\u00ed n\u00ed maj\u00ed lid\u00e9 mo\u017enost nav\u0161t\u00edvit v\u011bdeck\u00e1 pracovi\u0161t\u011b, jako jsou hv\u011bzd\u00e1rny, vysok\u00e9 \u0161koly, nebo naopak v\u011bdci zam\u00ed\u0159\u00ed mezi lidi. Na Gruni se letos poprv\u00e9 konala v\u011bdomostn\u00ed stezka z turistick\u00e9 chaty \u0160varn\u00e1 Hanka sm\u011brem na klimatologickou stanici ustavu CzechGlobe. Celkem bylo cestou 6 stanovi\u0161\u0165, kde se \u00fa\u010dastn\u00edci mohli dozv\u011bd\u011bt t\u0159eba o mezosferick\u00fdch blesc\u00edch, zp\u016fsobech a v\u00fdznamu m\u011b\u0159en\u00ed teploty, pozorovat oblohu, nejv\u011bt\u0161\u00ed \u00fasp\u011bch pak m\u011blo stanovi\u0161t\u011b o velk\u00fdch \u0161elm\u00e1ch v Beskydech. C\u00edl stezky byl na klimatologick\u00e9 stanici, kde byla mo\u017enost prohl\u00eddnout si sklen\u00edky, kde se p\u011bstuj\u00ed rostliny v r\u016fzn\u00fdch koncentrac\u00edch oxidu uhli\u010dit\u00e9ho a zji\u0161\u0165uje se vliv jeho koncentrace na r\u016fst rostlin.<\/p>\n<div class=\"obrazek\" style=\"text-align: center;\"><a href=\"http:\/\/www.boto.cz\/wp-content\/uploads\/2013\/01\/IMG_7665.jpg\" rel=\"lightbox[29]\"><img title=\"IMG_7665\" src=\"http:\/\/www.boto.cz\/wp-content\/uploads\/2013\/01\/IMG_7665-300x201.jpg\" alt=\"\" \/><\/a><br \/>\nStanovi\u0161t\u011b o \u0161elm\u00e1ch<\/div>\n<p style=\"text-align: justify;\">D\u00e1le byla na stanici ke zhl\u00e9dnut\u00ed automatick\u00e1 stanice k videopozorov\u00e1n\u00ed meteor\u016f, kter\u00e1 byla postavena v r\u00e1mci projektu Beskydsk\u00e9 oblasti tmav\u00e9 oblohy. Je roz\u0161\u00ed\u0159en\u00edm celoevropsk\u00e9 sit\u011b kamer CEMeNt, kter\u00e1 slou\u017e\u00ed k zji\u0161tov\u00e1n\u00ed drah meteor\u016f p\u0159i pr\u016fletu atmosf\u00e9rou. Sou\u010d\u00e1st\u00ed stanice je tak\u00e9 \u010didlo k m\u011b\u0159en\u00ed sv\u011bteln\u00e9ho zne\u010di\u0161t\u011bn\u00ed, kter\u00e9 je v oblasti na velmi n\u00edzk\u00e9 \u00farovni a je tak dobr\u00fdm p\u0159edpokladem k zalo\u017een\u00ed oblasti tmav\u00e9 oblohy, kter\u00e1 bude zalo\u017eena 4. 3. 2013 k p\u0159\u00edle\u017eitosti 40. v\u00fdro\u010d\u00ed zalo\u017een\u00ed CHKO Beskydy.<\/p>\n<div class=\"obrazek\" style=\"text-align: center;\"><a href=\"http:\/\/www.boto.cz\/wp-content\/uploads\/2013\/01\/IMG_7750.jpg\" rel=\"lightbox[29]\"><img title=\"IMG_7750\" src=\"http:\/\/www.boto.cz\/wp-content\/uploads\/2013\/01\/IMG_7750-300x200.jpg\" alt=\"\" \/><\/a><br \/>\nV\u00fdherce v\u011bdomostn\u00ed stezky o dalekohled<\/div>\n<p style=\"text-align: justify;\">Mimo absolvov\u00e1n\u00ed stezky byla tak\u00e9 mo\u017enost nav\u0161t\u00edvit m\u00edstn\u00ed d\u0159ev\u011bn\u00fd kostel. Ve\u010der se pak v s\u00e1le konaly p\u0159edn\u00e1\u0161ky, poslucha\u010di se mohli dov\u011bd\u011bt jak si ob\u011bvit vlastn\u00ed prom\u011bnnou hv\u011bzdu, vlastn\u00ed planetku nebo o \u00fakazech, kter\u00e9 jsou pozorovateln\u00e9 pouze ve zdej\u0161\u00ed unik\u00e1tn\u00ed tm\u011b. Celkem se akce z\u00fa\u010dastnilo zhruba 300 n\u00e1v\u0161t\u011bvn\u00edk\u016f. Douf\u00e1me, v p\u0159\u00ed\u0161t\u00edm roce nastavenou la\u0165ku p\u0159ekon\u00e1me.<\/p>\n","protected":false},"excerpt":{"rendered":"<p>V r\u00e1mci projektu Beskydsk\u00e9 oblasti tmav\u00e9 oblohy na konci z\u00e1\u0159\u00ed po\u0159\u00e1dala Amat\u00e9rsk\u00e1 prohl\u00eddka oblohy (sekce \u010cesk\u00e9 astronomick\u00e9 spole\u010dnosti) ve spolupr\u00e1ci mlad\u00fdmi lidmi podpo\u0159en\u00fdmi z programu Think Big Nadace O2 na Gruni ve Star\u00fdch Hamrech Evropskou noc v\u011bdc\u016f.<\/p>\n","protected":false},"author":1,"featured_media":38,"comment_status":"open","ping_status":"open","sticky":false,"template":"","format":"standard","meta":{"ngg_post_thumbnail":0},"categories":[1],"tags":[],"_links":{"self":[{"href":"http:\/\/www.boto.cz\/index.php?rest_route=\/wp\/v2\/posts\/4"}],"collection":[{"href":"http:\/\/www.boto.cz\/index.php?rest_route=\/wp\/v2\/posts"}],"about":[{"href":"http:\/\/www.boto.cz\/index.php?rest_route=\/wp\/v2\/types\/post"}],"author":[{"embeddable":true,"href":"http:\/\/www.boto.cz\/index.php?rest_route=\/wp\/v2\/users\/1"}],"replies":[{"embeddable":true,"href":"http:\/\/www.boto.cz\/index.php?rest_route=%2Fwp%2Fv2%2Fcomments&post=4"}],"version-history":[{"count":7,"href":"http:\/\/www.boto.cz\/index.php?rest_route=\/wp\/v2\/posts\/4\/revisions"}],"predecessor-version":[{"id":80,"href":"http:\/\/www.boto.cz\/index.php?rest_route=\/wp\/v2\/posts\/4\/revisions\/80"}],"wp:featuredmedia":[{"embeddable":true,"href":"http:\/\/www.boto.cz\/index.php?rest_route=\/wp\/v2\/media\/38"}],"wp:attachment":[{"href":"http:\/\/www.boto.cz\/index.php?rest_route=%2Fwp%2Fv2%2Fmedia&parent=4"}],"wp:term":[{"taxonomy":"category","embeddable":true,"href":"http:\/\/www.boto.cz\/index.php?rest_route=%2Fwp%2Fv2%2Fcategories&post=4"},{"taxonomy":"post_tag","embeddable":true,"href":"http:\/\/www.boto.cz\/index.php?rest_route=%2Fwp%2Fv2%2Ftags&post=4"}],"curies":[{"name":"wp","href":"https:\/\/api.w.org\/{rel}","templated":true}]}}