{"id":26,"date":"2012-12-29T11:43:58","date_gmt":"2012-12-29T11:43:58","guid":{"rendered":"http:\/\/www.boto.cz\/?p=26"},"modified":"2013-03-13T15:26:52","modified_gmt":"2013-03-13T15:26:52","slug":"zipex-beskydy-2012","status":"publish","type":"post","link":"http:\/\/www.boto.cz\/?p=26","title":{"rendered":"ZIPEX Beskydy 2012"},"content":{"rendered":"<p style=\"text-align: justify;\">Letos se pozorovatelsk\u00e1 expedice a semin\u00e1\u0159 Spole\u010dnosti pro meziplanet\u00e1rn\u00ed hmotu konal netradi\u010dn\u011b v\u00a0zim\u011b a tak jsme m\u011bli mo\u017enost pozorovat maximum meteorick\u00e9ho roje Geminid. Akce se konala v\u00a0Beskydech, p\u0159esn\u011bji ve vznikaj\u00edc\u00ed Beskydsk\u00e9 oblasti tmav\u00e9 oblohy.<!--more--><\/p>\n<div class=\"obrazek\" style=\"text-align: center;\"><a href=\"http:\/\/www.boto.cz\/wp-content\/uploads\/2012\/12\/IMG_8860.jpg\"><img loading=\"lazy\" src=\"http:\/\/www.boto.cz\/wp-content\/uploads\/2012\/12\/IMG_8860-300x200.jpg\" alt=\"\" width=\"300\" height=\"200\" \/><\/a><br \/>\nKostel na Gruni, foto: M. Ma\u0161ek<\/div>\n<p style=\"text-align: justify;\">Hlavn\u00edm c\u00edlem leto\u0161n\u00ed expedice byla kalibrace meteorick\u00e9ho radaru \u201eK\u00e1konovc\u016f\u201c. Ten funguje tak, \u017ee p\u0159ij\u00edm\u00e1 vzd\u00e1len\u00fd radarov\u00fd vys\u00edla\u010d, kter\u00fd ov\u0161em z\u00a0na\u0161\u00ed polohy nen\u00ed sly\u0161iteln\u00fd. Pr\u016flet meteoru ionizuje vzduch a ten pak funguje jako jak\u00e9si \u201ezrcadlo\u201c. Aparatura k\u00a0tomuto je velmi trivi\u00e1ln\u00ed, sta\u010d\u00ed jen zdroj elekt\u0159iny, po\u010d\u00edta\u010d, p\u0159ij\u00edma\u010d a jednoduch\u00e1 ant\u00e9na. Radar meteory \u00fasp\u011b\u0161n\u011b detekuje, av\u0161ak v\u00a0sou\u010dasnosti neum\u00ed ur\u010dit jejich dr\u00e1hu. \u00dakolem tedy bylo, pokusit se o ztoto\u017en\u011bn\u00ed opticky pozorovan\u00fdch meteor\u016f s\u00a0radiov\u00fdmi. A nebylo lep\u0161\u00edho m\u00edsta, ne\u017e h\u0159eben Grun\u011b, kam se sjeli pozorovatel\u00e9 Spole\u010dnosti pro meziplanet\u00e1rn\u00ed hmotu. Z\u00e1rove\u0148 je opod\u00e1l um\u00edst\u011bna kamera s\u00edt\u011b CEMeNT na B\u00edl\u00e9m k\u0159\u00ed\u017ei.<\/p>\n<div>\n<div class=\"obrazek\" style=\"text-align: center;\"><a href=\"http:\/\/www.boto.cz\/wp-content\/uploads\/2012\/12\/06-radarNaStreseAuta.jpg\"><img loading=\"lazy\" src=\"http:\/\/www.boto.cz\/wp-content\/uploads\/2012\/12\/06-radarNaStreseAuta-300x225.jpg\" alt=\"\" width=\"300\" height=\"225\" \/><\/a><br \/>\nRadar na st\u0159e\u0161e auta, foto: J. Kondziolka<\/div>\n<\/div>\n<div class=\"obrazek\" style=\"text-align: center;\"><a href=\"http:\/\/www.boto.cz\/wp-content\/uploads\/2012\/12\/IMG_8861.jpg\"><img loading=\"lazy\" src=\"http:\/\/www.boto.cz\/wp-content\/uploads\/2012\/12\/IMG_8861-300x200.jpg\" alt=\"\" width=\"300\" height=\"200\" \/><\/a><br \/>\nPozorovac\u00ed stanovi\u0161t\u011b, foto: M. Ma\u0161ek<\/div>\n<p>&nbsp;<\/p>\n<p style=\"text-align: justify;\">Po\u010das\u00ed n\u00e1m letos p\u0159\u00e1lo jen \u010d\u00e1ste\u010dn\u011b \u2013 prvotn\u00ed pesimistick\u00e9 odhady se nevyplnily a tak n\u00e1m v\u00a0noci kolem maxima tu a tam p\u0159ech\u00e1zela n\u011bjak\u00e1 vysok\u00e1 obla\u010dnost, av\u0161ak v\u011bt\u0161inu \u010dasu bylo alespo\u0148 70% ji\u017en\u00ed \u010d\u00e1sti oblohy jasn\u00e9. V \u201e\u00fa\u017easn\u00fdch\u201c -10 \u00b0C jsme vyrazili na stanovi\u0161t\u011b, kde jsme si vyhrabali ve sn\u011bhu m\u00edsta k\u00a0pozorov\u00e1n\u00ed. Na aut\u011b, kter\u00e9 tak\u00e9 slou\u017eilo jako zdroj elekt\u0159iny, jsme postavili ant\u00e9nu radaru a pozorov\u00e1n\u00ed mohlo za\u010d\u00edt. Hlavn\u00ed organiz\u00e1tor tohoto pozorov\u00e1n\u00ed Jakub K\u00e1kona k\u00a0tomu \u0159\u00edk\u00e1: \u201eBohu\u017eel se nepoda\u0159ilo naladit p\u0159ij\u00edma\u010d radaru v\u010das p\u0159ed maximem Geminid. D\u016fvodem byla z\u0159ejm\u011b velk\u00e1 zm\u011bna teploty. V\u00a0dob\u011b p\u0159ed maximem venkovn\u00ed teplota klesla hluboko pod bod mrazu. Dal\u0161\u00ed noc se sice p\u0159ij\u00edma\u010d naladit poda\u0159ilo, ale to se ji\u017e obloha zat\u00e1hla a nebylo mo\u017en\u00e9 pokra\u010dovat v\u00a0optick\u00e9m pozorov\u00e1n\u00ed. Mohli jsme tedy pouze porovnat po\u010dty registrovan\u00fdch meteor\u016f oproti radiov\u00fdm stanic\u00edm um\u00edst\u011bn\u00fdm v\u00edce na z\u00e1pad. Na dan\u00e9 k\u00f3t\u011b bylo pozorov\u00e1no \u00be meteor\u016f nap\u0159\u00edklad oproti stanici v\u00a0\u010cesk\u00fdch Bud\u011bjovic\u00edch. V absolutn\u00edch hodnot\u00e1ch to znamen\u00e1 17 a\u017e 63 meteor\u016f za hodinu (15. 12., tedy mimo maximum Geminid). B\u011bhem pozorov\u00e1n\u00ed 15. 12. byly mimo jin\u00e9 zachyceny dva \u201eradiov\u00e9 bolidy\u201c. Jeden z\u00a0nich byl pozorov\u00e1n tak\u00e9 stanic\u00ed s\u00edt\u011b SMRST ve Vset\u00edn\u011b na jin\u00e9 vlnov\u00e9 d\u00e9lce.\u201c<\/p>\n<div>\n<div class=\"obrazek\" style=\"text-align: center;\"><a href=\"http:\/\/www.boto.cz\/wp-content\/uploads\/2012\/12\/Jhs8KeF8tOkSvsXBwEyez2tTv0soLzWLg28FzGTLr9JubgtCztL3saqZ7KO2Jfgv87EEu_0.jpg\"><img loading=\"lazy\" src=\"http:\/\/www.boto.cz\/wp-content\/uploads\/2012\/12\/Jhs8KeF8tOkSvsXBwEyez2tTv0soLzWLg28FzGTLr9JubgtCztL3saqZ7KO2Jfgv87EEu_0-300x292.jpg\" alt=\"\" width=\"300\" height=\"292\" \/><\/a><br \/>\nMeteor na radaru na ZIPEXu<\/div>\n<\/div>\n<div class=\"obrazek\" style=\"text-align: center;\"><a href=\"http:\/\/www.boto.cz\/wp-content\/uploads\/2012\/12\/SMRST1212150530.png\"><img loading=\"lazy\" class=\"size-medium wp-image-31\" src=\"http:\/\/www.boto.cz\/wp-content\/uploads\/2012\/12\/SMRST1212150530-300x190.png\" alt=\"\" width=\"300\" height=\"190\" srcset=\"http:\/\/www.boto.cz\/wp-content\/uploads\/2012\/12\/SMRST1212150530-300x190.png 300w, http:\/\/www.boto.cz\/wp-content\/uploads\/2012\/12\/SMRST1212150530-424x270.png 424w, http:\/\/www.boto.cz\/wp-content\/uploads\/2012\/12\/SMRST1212150530.png 629w\" sizes=\"(max-width: 300px) 100vw, 300px\" \/><\/a><br \/>\n.. a tent\u00fd\u017e meteor ze Vset\u00edna<\/div>\n<p>&nbsp;<\/p>\n<p style=\"text-align: justify;\">Onu dal\u0161\u00ed noc po maximu, tedy 15.12 jsme u\u010dinili pokus o v\u00fdjezd za jasnou oblohou. H\u0159ebeny Beskyd toti\u017e halila hust\u00e1 \u010depice, ale mimo hory je\u0161t\u011b zb\u00fdvalo asi dvouhodinov\u00e9 okno p\u0159ed p\u0159\u00edchodem obla\u010dnosti ze z\u00e1padu. Vyrazili jsme tedy sm\u011brem na \u010celadnou. Na m\u00edst\u011b v\u0161ak Jakub Koukal cht\u011bl je\u0161t\u011b kousek na jih a tak jsme zam\u00ed\u0159ili ke golfov\u00fdm h\u0159i\u0161t\u00edm, kde m\u011bla b\u00fdt d\u00edra mezi orografick\u00fdmi mraky. Bohu\u017eel na m\u00edst\u011b sam\u00e9m foukal v\u00edtr s\u00edly ork\u00e1nu, kter\u00fd znemo\u017e\u0148oval ustaven\u00ed kamery. Prorazili jsme tedy tvo\u0159\u00edc\u00ed se z\u00e1v\u011bje a zvolili pl\u00e1n B, zam\u00ed\u0159it ke zn\u00e1m\u00fdm na chalupu cca 2 km daleko. Tam jsme je v\u00a0noci \u201ep\u0159epadli\u201c, po\u017e\u00e1dali o elekt\u0159inu a v\u00a0z\u00e1v\u011bt\u0159\u00ed postavili kameru. Ta fungovala asi 5 minut a pot\u00e9 u\u017e p\u0159i\u0161ly mraky. Na\u0161t\u011bst\u00ed ne v\u0161echny kamery s\u00edt\u011b CEMeNT m\u011bly stejnou sm\u016flu a tak se Jakubovi Koukalovi poda\u0159ilo zjistit 1330 v\u00edcestani\u010dn\u00edch drah Geminid.<\/p>\n<p style=\"text-align: justify;\">Dal\u0161\u00ed den, tedy v\u00a0sobotu se konal semin\u00e1\u0159. P\u0159edn\u00e1\u0161ky se t\u00fdkaly zejm\u00e9na komet a pozorov\u00e1n\u00ed meteor\u016f. Mimo ofici\u00e1ln\u00ed t\u00e9ma promluvil Jan Kondziolka o Beskydsk\u00e9 oblasti tmav\u00e9 oblohy (proto\u017ee se semin\u00e1\u0159 kon\u00e1 pr\u00e1v\u011b v\u00a0n\u00ed) a Milada Moudr\u00e1 o m\u011b\u0159en\u00ed jasu oblohy pomoc\u00ed digit\u00e1ln\u00ed zrcadlovky. Nejv\u011bt\u0161\u00ed diskuzi v\u0161ak rozpoutal p\u0159\u00edsp\u011bvek Martina K\u00e1kony o jejich radarov\u00e9m pozorov\u00e1n\u00ed meteor\u016f, vznikly nov\u00e9 my\u0161lenky a podn\u011bty ke spolupr\u00e1ci.<\/p>\n<div class=\"obrazek\" style=\"text-align: center;\"><a href=\"http:\/\/www.boto.cz\/wp-content\/uploads\/2012\/12\/IMG_9025x.jpg\"><img loading=\"lazy\" src=\"http:\/\/www.boto.cz\/wp-content\/uploads\/2012\/12\/IMG_9025x-293x300.jpg\" alt=\"\" width=\"293\" height=\"300\" \/><\/a><br \/>\nMilada Moudr\u00e1 p\u0159edn\u00e1\u0161ej\u00edc\u00ed o celooblohov\u00e9 kame\u0159e na m\u011b\u0159en\u00ed sv\u011bteln\u00e9ho zne\u010di\u0161t\u011bn\u00ed vyfocen\u00e1 celooblohovou kamerou na m\u011b\u0159en\u00ed sv\u011bteln\u00e9ho zne\u010di\u0161t\u011bn\u00ed :-) Foto: J. Kondziolka<\/div>\n<p>&nbsp;<\/p>\n<p style=\"text-align: justify;\">Akce se z\u00fa\u010dastnilo 20 pozorovatel\u016f, co\u017e je solidn\u00ed \u00fa\u010dast a tak nezb\u00fdv\u00e1 ne\u017e doufat, \u017ee po b\u0159eznov\u00e9m vyhl\u00e1\u0161en\u00ed Beskydsk\u00e9 oblasti tmav\u00e9 oblohy bude takov\u00fdchto akc\u00ed jen p\u0159ib\u00fdvat.<\/p>\n","protected":false},"excerpt":{"rendered":"<p>Letos se pozorovatelsk\u00e1 expedice a semin\u00e1\u0159 Spole\u010dnosti pro meziplanet\u00e1rn\u00ed hmotu konal netradi\u010dn\u011b v\u00a0zim\u011b a tak jsme m\u011bli mo\u017enost pozorovat maximum meteorick\u00e9ho roje Geminid. Akce se konala v\u00a0Beskydech, p\u0159esn\u011bji ve vznikaj\u00edc\u00ed Beskydsk\u00e9 oblasti tmav\u00e9 oblohy.<\/p>\n","protected":false},"author":3,"featured_media":0,"comment_status":"open","ping_status":"open","sticky":false,"template":"","format":"standard","meta":{"ngg_post_thumbnail":0},"categories":[1],"tags":[],"_links":{"self":[{"href":"http:\/\/www.boto.cz\/index.php?rest_route=\/wp\/v2\/posts\/26"}],"collection":[{"href":"http:\/\/www.boto.cz\/index.php?rest_route=\/wp\/v2\/posts"}],"about":[{"href":"http:\/\/www.boto.cz\/index.php?rest_route=\/wp\/v2\/types\/post"}],"author":[{"embeddable":true,"href":"http:\/\/www.boto.cz\/index.php?rest_route=\/wp\/v2\/users\/3"}],"replies":[{"embeddable":true,"href":"http:\/\/www.boto.cz\/index.php?rest_route=%2Fwp%2Fv2%2Fcomments&post=26"}],"version-history":[{"count":15,"href":"http:\/\/www.boto.cz\/index.php?rest_route=\/wp\/v2\/posts\/26\/revisions"}],"predecessor-version":[{"id":512,"href":"http:\/\/www.boto.cz\/index.php?rest_route=\/wp\/v2\/posts\/26\/revisions\/512"}],"wp:attachment":[{"href":"http:\/\/www.boto.cz\/index.php?rest_route=%2Fwp%2Fv2%2Fmedia&parent=26"}],"wp:term":[{"taxonomy":"category","embeddable":true,"href":"http:\/\/www.boto.cz\/index.php?rest_route=%2Fwp%2Fv2%2Fcategories&post=26"},{"taxonomy":"post_tag","embeddable":true,"href":"http:\/\/www.boto.cz\/index.php?rest_route=%2Fwp%2Fv2%2Ftags&post=26"}],"curies":[{"name":"wp","href":"https:\/\/api.w.org\/{rel}","templated":true}]}}