{"id":246,"date":"2013-02-14T09:06:53","date_gmt":"2013-02-14T09:06:53","guid":{"rendered":"http:\/\/www.boto.cz\/?p=246"},"modified":"2013-03-07T17:27:51","modified_gmt":"2013-03-07T17:27:51","slug":"rozhovor-s-alenou-zarybnickou-patronkou-beskydske-oblasti-tmave-oblohy","status":"publish","type":"post","link":"http:\/\/www.boto.cz\/?p=246","title":{"rendered":"Rozhovor s Alenou Z\u00e1rybnickou, patronkou Beskydsk\u00e9 oblasti tmav\u00e9 oblohy"},"content":{"rendered":"<p style=\"text-align: justify;\">Patronkou Beskydsk\u00e9 oblasti tmav\u00e9 oblohy bude p\u0159i zalo\u017een\u00ed jmenov\u00e1na pan\u00ed Alena Z\u00e1rybnick\u00e1. Co pro ni znamen\u00e1 tmav\u00e1 obloha, pro\u010d zrovna ona? Dozv\u00edte se v\u00a0kr\u00e1tk\u00e9m rozhovoru.<!--more--><\/p>\n<p>&nbsp;<\/p>\n<div class=\"obrazek\"><a href=\"http:\/\/www.boto.cz\/wp-content\/uploads\/2013\/02\/2395.jpg\" rel=\"lightbox[15]\"><img loading=\"lazy\" title=\"Alena Z\u00e1rybnick\u00e1\" src=\"http:\/\/www.boto.cz\/wp-content\/uploads\/2013\/02\/2395.jpg\" alt=\"Alena Z\u00e1rybnick\u00e1\" width=\"277\" height=\"246\" \/><\/a><br \/>\nAlena Z\u00e1rybnick\u00e1, zdroj: www.ceskatelevize.cz.<\/div>\n<p><strong>Dobr\u00fd den pan\u00ed Z\u00e1rybnick\u00e1, jak jste se v\u016fbec dostala k\u00a0titulu patronky Beskydsk\u00e9 oblasti tmav\u00e9 oblohy? Co tento titul sebou obn\u00e1\u0161\u00ed?<\/strong><\/p>\n<p style=\"text-align: justify;\"><em>Tak n\u011bjak nedopat\u0159en\u00edm, \u0159\u00edkala jsem si, kdy\u017e mi p\u0159i\u0161el prvn\u00ed email od Jana Kondziolky. Znala jsem jeho fotky, ale prosbu o patron\u00e1t? To jsem ne\u010dekala. Za v\u0161echno pr\u00fd m\u016f\u017ee kolegyn\u011b Hana Ku\u010d\u00e1kov\u00e1, kter\u00e1 navrhla m\u00e9 jm\u00e9no ve ve\u0159ejn\u00e9m hlasov\u00e1n\u00ed na facebooku. Zva\u017eovala jsem jedin\u011b to, jestli m\u016f\u017eu b\u00fdt v\u016fbec n\u011bjak prosp\u011b\u0161n\u00e1.\u00a0 T\u00e9ma je jasn\u00e9 \u2013 lamentace koleg\u016f astronom\u016f nad zata\u017eenou oblohou dozn\u00edvaj\u00ed k\u00a0u\u0161\u00edm meteorolog\u016f stejn\u011b, jako ty nad oblohou p\u0159esv\u011btlenou\u2026. V\u00a0tom prvn\u00edm jim pomoci nemohu, v\u00a0tom druh\u00e9m snad aspo\u0148 trochu. A to je jeden z\u00a0d\u016fvod\u016f, pro\u010d jsem p\u0159ik\u00fdvla. <\/em><\/p>\n<p><em>\u00a0<\/em><\/p>\n<p><strong>Jak se dle V\u00e1s vyv\u00edj\u00ed, jednodu\u0161e \u0159e\u010deno, sou\u010dasn\u00e9 osv\u011btlen\u00ed? Sv\u00edt\u00edme v\u00edce, nebo se to z\u00a0Va\u0161eho pohledu zlep\u0161uje?<\/strong><\/p>\n<p style=\"text-align: justify;\"><em>Neum\u00edm to posoudit obecn\u011b, ka\u017edop\u00e1dn\u011b z\u0159ejm\u011b na tom je\u0161t\u011b nejsme tak dob\u0159e, abychom si mohli \u0159\u00edct: \u201eprobl\u00e9m je vy\u0159e\u0161en\u201c.\u00a0 Mysl\u00edm, \u017ee jde o to, abychom byli schopni fungovat efektivn\u011b\u2026\u00a0 A hlavn\u011b um\u011bt si vyj\u00edt vst\u0159\u00edc. To bezpochyby plat\u00ed nejen tady.\u00a0 Jsou-li relativn\u011b m\u00e1lo n\u00e1kladn\u00e1 \u0159e\u0161en\u00ed, jak u\u0161et\u0159it, tak pro\u010d je nevyu\u017e\u00edt. A hlavn\u011b \u2013 pro\u010d si nenechat poradit od t\u011bch, kte\u0159\u00ed v\u011bd\u00ed, jak na to? Kte\u0159\u00ed pr\u00e1v\u011b ona jednoduch\u00e1 \u0159e\u0161en\u00ed vid\u00ed. To je z\u00e1klad \u2013 p\u00eddit se po tom, jak \u201eto\u201c vy\u0159e\u0161it elegantn\u011b. A ke spokojenosti v\u0161ech\u2026<\/em><\/p>\n<p><em>\u00a0<\/em><\/p>\n<p><strong>Ve m\u011bst\u011b se mi \u010dasto st\u00e1v\u00e1, \u017ee si chci vyfotit oblohu, p\u0159es siln\u00e9 osv\u011btlen\u00ed, kter\u00e9, lidov\u011b \u0159e\u010deno, \u201esv\u00edt\u00ed p\u00e1nu Bohu do oken\u201c to v\u0161ak nen\u00ed mo\u017en\u00e9. R\u016fzn\u00e9 iniciativy, jako je nap\u0159\u00edklad Beskydsk\u00e9 oblasti tmav\u00e9 oblohy, usiluj\u00ed o zm\u00edrn\u011bn\u00ed takov\u00e9hoto sv\u011btla. Pokud se nepletu, nechcete ru\u0161it pouli\u010dn\u00ed lampy, ale pouze usilujete o to, aby lampy sv\u00edtily tam, kam maj\u00ed a ne na oblohu, je to tak?<\/strong><\/p>\n<p><em>P\u0159esn\u011b tak, to je ono jednoduch\u00e9 a elegantn\u00ed \u0159e\u0161en\u00ed, d\u00edky kter\u00e9mu budou v\u0161ichni spokojeni. Beskydsk\u00e1 oblast tmav\u00e9 oblohy takov\u00e1 \u0159e\u0161en\u00ed nab\u00edz\u00ed.<\/em><\/p>\n<p>&nbsp;<\/p>\n<p><strong>Je o v\u00e1s zn\u00e1mo, \u017ee holdujete l\u00e9t\u00e1n\u00ed. Absolvovala u\u017e jste n\u011bkdy n\u011bjak\u00fd no\u010dn\u00ed let nad na\u0161\u00ed z\u00e1\u0159\u00edc\u00ed krajinou.<\/strong><\/p>\n<p style=\"text-align: justify;\"><em>P\u0159esn\u011b v\u00a0tom okam\u017eiku jsem si uv\u011bdomila, jak zbyte\u010dn\u00e9 n\u011bkter\u00e9 sv\u011bteln\u00e9 zdroje jsou\u2026 Je to sice u\u017e n\u011bjak\u00fd ten p\u00e1tek, ale schv\u00e1ln\u011b, tipn\u011bte si, co hodn\u011b z\u00e1\u0159\u00ed sm\u011brem k\u00a0obloze a p\u0159itom je to \u00fapln\u011b zbyte\u010dn\u00e9? Benz\u00ednov\u00e9 pumpy! Z\u00a0v\u00fd\u0161ky m\u00e1te dokonal\u00fd p\u0159ehled o tom, kde kter\u00e1 je\u2026\u00a0 Trochu zbyte\u010dn\u00fd luxus, ne?\u00a0\u00a0\u00a0 <\/em><\/p>\n<p>&nbsp;<\/p>\n<p style=\"text-align: justify;\"><strong>Kdy\u017e pomineme Beskydy, kde jste na vlastn\u00ed o\u010di vid\u011bla nejkvalitn\u011bj\u0161\u00ed no\u010dn\u00ed oblohu. M\u00e1te n\u011bjak\u00e9 sv\u00e9 obl\u00edben\u00e9 pozorovac\u00ed m\u00edste\u010dko?<br \/>\n<\/strong><br \/>\n<em>\u017diju v\u00a0Krkono\u0161\u00edch, tady jsme je\u0161t\u011b celkem \u010dist\u00ed. Ale i tak, douf\u00e1m, \u017ee se to je\u0161t\u011b zlep\u0161\u00ed. Tr\u00e1p\u00ed m\u011b laserov\u00e9 reklamy l\u00e1kaj\u00edc\u00ed na diskot\u00e9ky od tmy do sv\u00edt\u00e1n\u00ed\u2026\u00a0 Douf\u00e1m, \u017ee lid\u00e9 budou v\u016f\u010di takov\u00e9 form\u011b reklamy brzy imunn\u00ed, tak, jako v\u016f\u010di jin\u00fdm reklamn\u00edm trik\u016fm.\u00a0 Nejkr\u00e1sn\u011bj\u0161\u00ed jsou pohledy p\u0159\u00edmo z\u00a0h\u0159eben\u016f, t\u0159eba z\u00a0Vrbatovy boudy.\u00a0 Nebo z\u00a0kopc\u016f \u00fadol\u00ed \u2013 kr\u00e1sn\u00fd je z\u00e1v\u011br Dlouh\u00e9ho \u010di Ob\u0159\u00edho dolu. Oblohy sice vid\u00edte jen \u010d\u00e1st, ale ty zasn\u011b\u017een\u00e9 \u201ekulisy\u201c kolem jsou z\u00e1rukou doslova sv\u00e1te\u010dn\u00ed atmosf\u00e9ry. <\/em><\/p>\n<p>&nbsp;<\/p>\n<p><strong>Co byste vzk\u00e1zala \u010dten\u00e1\u0159\u016fm, kter\u00fdm nen\u00ed viditelnost no\u010dn\u00ed oblohy lhostejn\u00e1?<\/strong><\/p>\n<p style=\"text-align: justify;\"><em>A\u0165 t\u011bm, kter\u00fdm viditelnost no\u010dn\u00ed oblohy lhostejn\u00e1 je, uk\u00e1\u017eou, jak m\u00e1lo sta\u010d\u00ed a budou v\u0161ichni spokojeni\u2026. <\/em><\/p>\n<p>&nbsp;<\/p>\n<p>Ot\u00e1zky p\u0159ipravil Pavel Ja\u0148urek a Jan Kondziolka<\/p>\n","protected":false},"excerpt":{"rendered":"<p>Patronkou Beskydsk\u00e9 oblasti tmav\u00e9 oblohy bude p\u0159i zalo\u017een\u00ed jmenov\u00e1na pan\u00ed Alena Z\u00e1rybnick\u00e1. Co pro ni znamen\u00e1 tmav\u00e1 obloha, pro\u010d zrovna ona? Dozv\u00edte se v\u00a0kr\u00e1tk\u00e9m rozhovoru.<\/p>\n","protected":false},"author":3,"featured_media":0,"comment_status":"open","ping_status":"open","sticky":false,"template":"","format":"standard","meta":{"ngg_post_thumbnail":0},"categories":[1],"tags":[],"_links":{"self":[{"href":"http:\/\/www.boto.cz\/index.php?rest_route=\/wp\/v2\/posts\/246"}],"collection":[{"href":"http:\/\/www.boto.cz\/index.php?rest_route=\/wp\/v2\/posts"}],"about":[{"href":"http:\/\/www.boto.cz\/index.php?rest_route=\/wp\/v2\/types\/post"}],"author":[{"embeddable":true,"href":"http:\/\/www.boto.cz\/index.php?rest_route=\/wp\/v2\/users\/3"}],"replies":[{"embeddable":true,"href":"http:\/\/www.boto.cz\/index.php?rest_route=%2Fwp%2Fv2%2Fcomments&post=246"}],"version-history":[{"count":15,"href":"http:\/\/www.boto.cz\/index.php?rest_route=\/wp\/v2\/posts\/246\/revisions"}],"predecessor-version":[{"id":253,"href":"http:\/\/www.boto.cz\/index.php?rest_route=\/wp\/v2\/posts\/246\/revisions\/253"}],"wp:attachment":[{"href":"http:\/\/www.boto.cz\/index.php?rest_route=%2Fwp%2Fv2%2Fmedia&parent=246"}],"wp:term":[{"taxonomy":"category","embeddable":true,"href":"http:\/\/www.boto.cz\/index.php?rest_route=%2Fwp%2Fv2%2Fcategories&post=246"},{"taxonomy":"post_tag","embeddable":true,"href":"http:\/\/www.boto.cz\/index.php?rest_route=%2Fwp%2Fv2%2Ftags&post=246"}],"curies":[{"name":"wp","href":"https:\/\/api.w.org\/{rel}","templated":true}]}}