{"id":1018,"date":"2023-02-07T10:20:58","date_gmt":"2023-02-07T10:20:58","guid":{"rendered":"http:\/\/www.boto.cz\/?p=1018"},"modified":"2023-03-08T16:32:57","modified_gmt":"2023-03-08T16:32:57","slug":"10-vyroci-zalozeni-boto","status":"publish","type":"post","link":"http:\/\/www.boto.cz\/?p=1018","title":{"rendered":"10. v\u00fdro\u010d\u00ed zalo\u017een\u00ed BOTO"},"content":{"rendered":"\n<p>Beskydsk\u00e1 oblast tmav\u00e9 oblohy byla zalo\u017eena 4.3.2013, na leto\u0161n\u00ed rok tedy p\u0159ipad\u00e1 10. v\u00fdro\u010d\u00ed zalo\u017een\u00ed. K v\u00fdro\u010d\u00ed chyst\u00e1me n\u011bkolik akc\u00ed v r\u00e1mci oslav, kter\u00e9 budou spole\u010dn\u00e9 s 50. v\u00fdro\u010d\u00ed zalo\u017een\u00ed CHKO Beskydy.<\/p>\n\n\n\n<p>V r\u00e1mci oslav je p\u0159ipravov\u00e1na tiskov\u00e1 konference, kter\u00e1 prob\u011bhne ve \u010dtvrtek 2.3.2023. N\u00e1sledn\u011b v sobotu 4.3.2023 s bude na ostravsk\u00e9 hv\u011bzd\u00e1rn\u011b konat odborn\u00e1 mezioborov\u00e1 konference s n\u00e1zvem Prom\u011bny noci &#8211; v\u00edce <a href=\"https:\/\/svetelneznecisteni.cz\/vzdelavani\/konference-promeny-noci\/\" data-type=\"URL\" data-id=\"https:\/\/svetelneznecisteni.cz\/vzdelavani\/konference-promeny-noci\/\">zde<\/a>.<\/p>\n\n\n\n<p>D\u00e1le prob\u011bhne n\u011bkolik men\u0161\u00edch p\u0159edn\u00e1\u0161ek s pozorov\u00e1n\u00edm, nap\u0159. <a href=\"https:\/\/www.muzeumct.cz\/kalendar-akci\/detailudalosti\/701\/-\/svetelne-znecisteni-10-let-od-zalozeni-beskydske-oblasti-tmave-oblohy\">zde<\/a> ve spolupr\u00e1ci s Muzeem t\u011b\u0161\u00ednska. Dal\u0161\u00edch akc\u00ed se budeme \u00fa\u010dastnit v r\u00e1mci programu oslav zalo\u017een\u00ed CHKO.<\/p>\n\n\n\n<p><\/p>\n\n\n\n<p class=\"has-text-align-center\"><strong>Akce se kon\u00e1 pod z\u00e1\u0161titou Ministerstva \u017eivotn\u00edho prost\u0159ed\u00ed.<\/strong><\/p>\n\n\n\n<div class=\"wp-block-image\"><figure class=\"aligncenter size-large is-resized\"><img loading=\"lazy\" src=\"http:\/\/www.boto.cz\/wp-content\/uploads\/2023\/03\/MZP_CZ-1.png\" alt=\"\" class=\"wp-image-1025\" width=\"241\" height=\"77\" srcset=\"http:\/\/www.boto.cz\/wp-content\/uploads\/2023\/03\/MZP_CZ-1.png 945w, http:\/\/www.boto.cz\/wp-content\/uploads\/2023\/03\/MZP_CZ-1-300x95.png 300w, http:\/\/www.boto.cz\/wp-content\/uploads\/2023\/03\/MZP_CZ-1-768x244.png 768w, http:\/\/www.boto.cz\/wp-content\/uploads\/2023\/03\/MZP_CZ-1-851x270.png 851w\" sizes=\"(max-width: 241px) 100vw, 241px\" \/><\/figure><\/div>\n","protected":false},"excerpt":{"rendered":"<p>Beskydsk\u00e1 oblast tmav\u00e9 oblohy byla zalo\u017eena 4.3.2013, na leto\u0161n\u00ed rok tedy p\u0159ipad\u00e1 10. v\u00fdro\u010d\u00ed zalo\u017een\u00ed. K v\u00fdro\u010d\u00ed chyst\u00e1me n\u011bkolik akc\u00ed v r\u00e1mci oslav, kter\u00e9 budou spole\u010dn\u00e9 s 50. v\u00fdro\u010d\u00ed zalo\u017een\u00ed CHKO Beskydy. V r\u00e1mci oslav je p\u0159ipravov\u00e1na tiskov\u00e1 konference, kter\u00e1 prob\u011bhne ve \u010dtvrtek 2.3.2023. N\u00e1sledn\u011b v sobotu 4.3.2023 s bude na ostravsk\u00e9 hv\u011bzd\u00e1rn\u011b konat odborn\u00e1 [&hellip;]<\/p>\n","protected":false},"author":3,"featured_media":0,"comment_status":"closed","ping_status":"closed","sticky":false,"template":"","format":"standard","meta":{"ngg_post_thumbnail":0},"categories":[1],"tags":[],"_links":{"self":[{"href":"http:\/\/www.boto.cz\/index.php?rest_route=\/wp\/v2\/posts\/1018"}],"collection":[{"href":"http:\/\/www.boto.cz\/index.php?rest_route=\/wp\/v2\/posts"}],"about":[{"href":"http:\/\/www.boto.cz\/index.php?rest_route=\/wp\/v2\/types\/post"}],"author":[{"embeddable":true,"href":"http:\/\/www.boto.cz\/index.php?rest_route=\/wp\/v2\/users\/3"}],"replies":[{"embeddable":true,"href":"http:\/\/www.boto.cz\/index.php?rest_route=%2Fwp%2Fv2%2Fcomments&post=1018"}],"version-history":[{"count":8,"href":"http:\/\/www.boto.cz\/index.php?rest_route=\/wp\/v2\/posts\/1018\/revisions"}],"predecessor-version":[{"id":1030,"href":"http:\/\/www.boto.cz\/index.php?rest_route=\/wp\/v2\/posts\/1018\/revisions\/1030"}],"wp:attachment":[{"href":"http:\/\/www.boto.cz\/index.php?rest_route=%2Fwp%2Fv2%2Fmedia&parent=1018"}],"wp:term":[{"taxonomy":"category","embeddable":true,"href":"http:\/\/www.boto.cz\/index.php?rest_route=%2Fwp%2Fv2%2Fcategories&post=1018"},{"taxonomy":"post_tag","embeddable":true,"href":"http:\/\/www.boto.cz\/index.php?rest_route=%2Fwp%2Fv2%2Ftags&post=1018"}],"curies":[{"name":"wp","href":"https:\/\/api.w.org\/{rel}","templated":true}]}}